{"id":27561,"date":"2023-09-18T12:53:25","date_gmt":"2023-09-18T10:53:25","guid":{"rendered":"https:\/\/bisbalpenedes.com\/web\/?p=27561"},"modified":"2023-10-06T09:07:15","modified_gmt":"2023-10-06T07:07:15","slug":"aquest-cap-de-setmana-del-22-al-24-de-setembre-la-bisbal-del-penedes-acull-la-primera-edicio-del-grafftech-fest","status":"publish","type":"post","link":"https:\/\/bisbalpenedes.com\/web\/2023\/09\/18\/aquest-cap-de-setmana-del-22-al-24-de-setembre-la-bisbal-del-penedes-acull-la-primera-edicio-del-grafftech-fest\/","title":{"rendered":"El proper cap de setmana -del 22 al 24 de setembre- la Bisbal del Pened\u00e8s acollir\u00e0 la primera edici\u00f3 del GraffTech Fest"},"content":{"rendered":"\n<p><strong>17 artistes pintaran 14 pintures murals que uniran l&#8217;art en paret amb la realitat augmentada i la realitat virtual en diversos punts del municipi<\/strong><\/p>\n\n\n\n<p><strong>Del 22 al 24 de setembre<\/strong>, la Bisbal del Pened\u00e8s ser\u00e0 l&#8217;escenari de la primera edici\u00f3 del festival&nbsp;<a href=\"https:\/\/www.instagram.com\/grafftech_fest\/\">GraffTech Fest<\/a>, promogut des de l&#8217;empresa llorencenca&nbsp;<a href=\"https:\/\/www.instagram.com\/suite_of_art\">Suite of Art.<\/a>&nbsp;Es tracta d&#8217;una iniciativa que inclou l&#8217;elaboraci\u00f3 de&nbsp;<strong>14 pintures murals al municipi&nbsp;<\/strong>amb la participaci\u00f3 de 17 artistes diferents. Aquestes obres, a m\u00e9s, inclouran&nbsp;<strong>realitat augmentada o realitat virtual<\/strong>&nbsp;i es trobaran&nbsp;<em>geolocalitzades<\/em>&nbsp;a internet. Feu clic&nbsp;<a href=\"https:\/\/www.google.com\/maps\/d\/edit?mid=1cVZsHrjJBuMMB99NNbhmWRzrgwWoEpk&amp;usp=sharing\">aqu\u00ed<\/a>&nbsp;per consultar les ubicacions.<\/p>\n\n\n\n<p>La Bisbal del Pened\u00e8s mostr\u00e0 un aspecte molt diferent al d&#8217;ara a partir del 24 de setembre, ja que diversos punts del nucli mostraran les obres de diversos artistes nacionals i internacionals. Aquestes pintures se centraran en temes bisbalencs, com ara la transhum\u00e0ncia, els tres tombs, els animals i les plantes aut\u00f2ctones, la vinya i la collita&#8230; i tamb\u00e9 inclouran temes m\u00e9s universals, com el pas del temps o el m\u00f3n dels infants. A m\u00e9s, aquestes obres es podran ampliar mitjan\u00e7ant la tecnologia de la realitat augmentada i de la realitat virtual. Els artistes que participaran en l&#8217;esdeveniment, s\u00f3n: Nesui, Jotalo, Eslicer, Nauni, Dank, Mala, Deleon, Bublegum, Sasa, Lalone, Rul, Kone, Decima i Nihao; la bisbalenca Zara Zaranoia; i els internacionals Nihao (Brasil) i Deleon de (M\u00e8xic).<\/p>\n\n\n\n<p>L&#8217;alcaldessa de la Bisbal del Pened\u00e8s, Agn\u00e8s Ferr\u00e9, ha explicat que&nbsp;<em>&#8220;estem molt contentes de comptar amb un festival com aquest al municipi, promogut per un bisbalenc. Aquesta iniciativa no nom\u00e9s ens far\u00e0 passar un cap de setmana fant\u00e0stic, sin\u00f3 que embellir\u00e0 el municipi d&#8217;una forma espectacular: despr\u00e9s del festival, el nucli tindr\u00e0 catorze pintures murals m\u00e9s, que se sumaran a les que ja tenim, fetes per grans artistes. Estem molt contentes de ser el municipi que aculli la primera edici\u00f3 d&#8217;aquest festival, per a nosaltres \u00e9s un honor. A m\u00e9s, el fet que inclogui tecnologia de realitat augmentada i realitat virtual el fa encara m\u00e9s interessant. \u00c9s important que tots ens actualitzem i coneguem les noves tecnologies&#8221;.<\/em><\/p>\n\n\n\n<p>El bisbalenc Jaume Junqu\u00e9, CEO de l&#8217;empresa Suite of Art, ha explicat que l&#8217;objectiu \u00e9s que aquest festival es converteixi en una iniciativa itinerant:&nbsp;<em>&#8220;m&#8217;agradaria portar-lo a diversos llocs de tot el m\u00f3n i no tan sols a municipis, sin\u00f3 tamb\u00e9 a comarques. Per exemple, es podria fer el GraffTech Fest Baix Pened\u00e8s, amb murals en diversos municipis de la comarca. Aqu\u00ed a la Bisbal ser\u00e0 una experi\u00e8ncia molt intensa. Aix\u00f2 que farem aqu\u00ed \u00e9s una exageraci\u00f3 i no sempre el vull fer aix\u00ed, perqu\u00e8 aix\u00f2 ser\u00e0 molt gros: es faran catorze murals en un cap de setmana i hi haur\u00e0 diverses activitats paral\u00b7leles&#8221;<\/em>.<\/p>\n\n\n\n<p>Els artistes treballaran en les obres els dies 22, 23 i 24 des de les onze del mat\u00ed fins a les vuit del vespre.&nbsp;<strong>Paral\u00b7lelament, es faran les seg\u00fcents activitats a l&#8217;aparcament de l&#8217;escola nova (avda. Baix Pened\u00e8s s\/n):<\/strong><\/p>\n\n\n\n<p>\u00b7&nbsp;&nbsp;&nbsp;&nbsp;&nbsp;&nbsp;El dissabte 23 de setembre a les 12h: taller de realitat augmentada i virtual&nbsp;<\/p>\n\n\n\n<p>\u00b7&nbsp;&nbsp;&nbsp;&nbsp;&nbsp;&nbsp;El dissabte 23 de setembre de 16h a 20h: taller infantil de pintura mural<\/p>\n\n\n\n<p>\u00b7&nbsp;&nbsp;&nbsp;&nbsp;&nbsp;&nbsp;El diumenge 24 de setembre a les 11h: taller infantil<\/p>\n\n\n\n<p>\u00b7&nbsp;&nbsp;&nbsp;&nbsp;&nbsp;&nbsp;El diumenge 24 de setembre de 17h a 20h: taller de realitat augmentada i virtual<\/p>\n\n\n\n<figure class=\"wp-block-image size-large\"><img loading=\"lazy\" width=\"680\" height=\"1024\" src=\"https:\/\/bisbalpenedes.com\/web\/wp-content\/uploads\/2023\/09\/graffest-tech-02-680x1024.jpg\" alt=\"\" class=\"wp-image-27654\" srcset=\"https:\/\/bisbalpenedes.com\/web\/wp-content\/uploads\/2023\/09\/graffest-tech-02-680x1024.jpg 680w, https:\/\/bisbalpenedes.com\/web\/wp-content\/uploads\/2023\/09\/graffest-tech-02-199x300.jpg 199w, https:\/\/bisbalpenedes.com\/web\/wp-content\/uploads\/2023\/09\/graffest-tech-02-768x1156.jpg 768w, https:\/\/bisbalpenedes.com\/web\/wp-content\/uploads\/2023\/09\/graffest-tech-02-1020x1536.jpg 1020w, https:\/\/bisbalpenedes.com\/web\/wp-content\/uploads\/2023\/09\/graffest-tech-02-1361x2048.jpg 1361w, https:\/\/bisbalpenedes.com\/web\/wp-content\/uploads\/2023\/09\/graffest-tech-02-600x903.jpg 600w, https:\/\/bisbalpenedes.com\/web\/wp-content\/uploads\/2023\/09\/graffest-tech-02-scaled.jpg 1701w\" sizes=\"(max-width: 680px) 100vw, 680px\" \/><figcaption>SONY DSC<\/figcaption><\/figure>\n\n\n\n<hr class=\"wp-block-separator has-alpha-channel-opacity\"\/>\n\n\n\n<p><strong>17 artistas pintar\u00e1n 14 pinturas murales que unir\u00e1n el arte en pared con la realidad aumentada y la realidad virtual en varios puntos del municipio<\/strong><\/p>\n\n\n\n<p><strong>Del 22 al 24 de septiembre,<\/strong>&nbsp;la Bisbal del Pened\u00e8s ser\u00e1 el escenario de la primera edici\u00f3n del festival<a href=\"https:\/\/www.instagram.com\/grafftech_fest\/\">&nbsp;GraffTechFest<\/a>, promovido desde la empresa de Lloren\u00e7 del Pened\u00e8s&nbsp;<a href=\"https:\/\/www.instagram.com\/suite_of_art\">Suite of Art.<\/a>&nbsp;Se trata de una iniciativa que incluye la elaboraci\u00f3n de&nbsp;<strong>14 pinturas murales&nbsp;<\/strong>en el municipio con la participaci\u00f3n de 17 artistas distintos. Estas obras, adem\u00e1s, incluir\u00e1n&nbsp;<strong>realidad aumentada o realidad virtual<\/strong>&nbsp;y se encontrar\u00e1n geolocalizadas en internet. Haced clic&nbsp;<a href=\"https:\/\/www.google.com\/maps\/d\/edit?mid=1cVZsHrjJBuMMB99NNbhmWRzrgwWoEpk&amp;usp=sharing\">aqu\u00ed<\/a>&nbsp;para consultar las ubicaciones.<\/p>\n\n\n\n<p>La Bisbal del Pened\u00e8s mostrar\u00e1 un aspecto muy distinto al de ahora a partir del 24 de septiembre, ya que varios puntos del n\u00facleo mostrar\u00e1n las obras de varios artistas nacionales e internacionales. Estas pinturas se centrar\u00e1n en temas&nbsp;<em>bisbalencs<\/em>, como por ejemplo la trashumancia, los tres&nbsp;<em>tombs<\/em>, los animales y las plantas aut\u00f3ctonas, la vi\u00f1a y la cosecha&#8230; y tambi\u00e9n incluir\u00e1n temas m\u00e1s universales, como el paso del tiempo o el mundo de los ni\u00f1os. Adem\u00e1s, estas obras se podr\u00e1n ampliar mediante la tecnolog\u00eda de la realidad aumentada y de la realidad virtual. Los artistas que participar\u00e1n en el evento son:&nbsp;Nesui, Jotalo, Eslicer, Nauni, Dank, Mala, Deleon, Bublegum, Sasa, Lalone, Rul, Kone, Decima y Nihao; la bisbalenca Zara Zaranoia; y los internacionales Nihao (Brasil) y Deleon de (M\u00e9xico).<\/p>\n\n\n\n<p>La alcaldesa de la Bisbal del Pened\u00e8s, Agn\u00e8s Ferr\u00e9, ha explicado que&nbsp;<em>&#8220;estamos muy contentas de contar con un festival como este en el municipio, promovido por un bisbalenc. Esta iniciativa no solamente nos har\u00e1 pasar un fin de semana fant\u00e1stico, sino que embellecer\u00e1 el municipio de una forma espectacular: despu\u00e9s del festival, el n\u00facleo tendr\u00e1 catorce pinturas murales m\u00e1s, que se sumar\u00e1n a las que ya tenemos, hechas por grandes artistas. Estamos muy contentas de ser el municipio que acoja la primera edici\u00f3n de este festival, para nosotras es un honor. Adem\u00e1s, el hecho que incluya tecnolog\u00eda de realidad aumentada y realidad virtual lo hace todav\u00eda m\u00e1s interesante. Es importante que todos nos actualicemos y conozcamos las nuevas tecnolog\u00edas&#8221;.<\/em><\/p>\n\n\n\n<p>El bisbalenc Jaume Junqu\u00e9, CEO de la empresa Suite of Art, ha explicado que el objetivo es que este festival se convierta en itinerante:&nbsp;<em>&#8220;me gustar\u00eda llevarlo a varios lugares de todo el mundo y no solamente a municipios, tambi\u00e9n a comarcas. Por ejemplo, se podr\u00eda hacer el GraffTech Fest Baix Pened\u00e8s, con murales en varios municipios de la comarca. Aqu\u00ed en la Bisbal ser\u00e1 una experiencia muy intensa. Esto que haremos aqu\u00ed es una exageraci\u00f3n y no siempre lo quiero hacer as\u00ed, porque esto ser\u00e1 muy grande: se har\u00e1n catorce murales en un fin de semana y habr\u00e1 varias actividades paralelas&#8221;.<\/em><\/p>\n\n\n\n<p>Los artistas trabajar\u00e1n en las obras los d\u00edas 22, 23 y 24 desde las once de la ma\u00f1ana hasta las ocho de la tarde.<strong>&nbsp;Paralelamente, se har\u00e1n las siguientes actividades:<\/strong><\/p>\n\n\n\n<ul><li>El s\u00e1bado 23 de septiembre a las 12h: taller de realidad aumentada y virtual<\/li><li>El s\u00e1bado 23 de septiembre de 16h a 20h: taller infantil de pintura mural<\/li><li>El domingo 24 de septiembre a las 11h: taller infantil<\/li><li>El domingo 24 de septiembre de 17h a 20h: taller de realidad aumentada y virtual<\/li><\/ul>\n","protected":false},"excerpt":{"rendered":"<p>17 artistes pintaran 14 pintures murals que uniran l&#8217;art en paret amb la realitat augmentada i la realitat virtual en diversos punts del municipi Del 22 al 24 de setembre, &hellip; <a href=\"https:\/\/bisbalpenedes.com\/web\/2023\/09\/18\/aquest-cap-de-setmana-del-22-al-24-de-setembre-la-bisbal-del-penedes-acull-la-primera-edicio-del-grafftech-fest\/\" class=\"more-link\">Read More<\/a><\/p>\n","protected":false},"author":4,"featured_media":27562,"comment_status":"closed","ping_status":"closed","sticky":false,"template":"","format":"standard","meta":[],"categories":[2942,8],"tags":[510,459,6222,6218,6226,6220,6216,6212,6210,6213,6215,6225,393,6223,6217,6227,5211,6251,5200,5201,6224,6221,5544,6228],"_links":{"self":[{"href":"https:\/\/bisbalpenedes.com\/web\/wp-json\/wp\/v2\/posts\/27561"}],"collection":[{"href":"https:\/\/bisbalpenedes.com\/web\/wp-json\/wp\/v2\/posts"}],"about":[{"href":"https:\/\/bisbalpenedes.com\/web\/wp-json\/wp\/v2\/types\/post"}],"author":[{"embeddable":true,"href":"https:\/\/bisbalpenedes.com\/web\/wp-json\/wp\/v2\/users\/4"}],"replies":[{"embeddable":true,"href":"https:\/\/bisbalpenedes.com\/web\/wp-json\/wp\/v2\/comments?post=27561"}],"version-history":[{"count":6,"href":"https:\/\/bisbalpenedes.com\/web\/wp-json\/wp\/v2\/posts\/27561\/revisions"}],"predecessor-version":[{"id":27895,"href":"https:\/\/bisbalpenedes.com\/web\/wp-json\/wp\/v2\/posts\/27561\/revisions\/27895"}],"wp:featuredmedia":[{"embeddable":true,"href":"https:\/\/bisbalpenedes.com\/web\/wp-json\/wp\/v2\/media\/27562"}],"wp:attachment":[{"href":"https:\/\/bisbalpenedes.com\/web\/wp-json\/wp\/v2\/media?parent=27561"}],"wp:term":[{"taxonomy":"category","embeddable":true,"href":"https:\/\/bisbalpenedes.com\/web\/wp-json\/wp\/v2\/categories?post=27561"},{"taxonomy":"post_tag","embeddable":true,"href":"https:\/\/bisbalpenedes.com\/web\/wp-json\/wp\/v2\/tags?post=27561"}],"curies":[{"name":"wp","href":"https:\/\/api.w.org\/{rel}","templated":true}]}}