{"id":27555,"date":"2023-09-15T18:00:00","date_gmt":"2023-09-15T16:00:00","guid":{"rendered":"https:\/\/bisbalpenedes.com\/web\/?p=27555"},"modified":"2023-09-14T22:34:29","modified_gmt":"2023-09-14T20:34:29","slug":"la-junta-de-govern-del-proper-dilluns-18-de-setembre-conte-una-proposta-amb-competencia-delegada-del-ple","status":"publish","type":"post","link":"https:\/\/bisbalpenedes.com\/web\/2023\/09\/15\/la-junta-de-govern-del-proper-dilluns-18-de-setembre-conte-una-proposta-amb-competencia-delegada-del-ple\/","title":{"rendered":"<strong>La Junta de Govern del proper dilluns 18 de setembre cont\u00e9 una proposta amb compet\u00e8ncia delegada del Ple<\/strong>"},"content":{"rendered":"\n<p>S&#8217;ha convocat la Junta de Govern per al dilluns 18 de setembre. Una de les propostes de l\u2019ordre del dia \u00e9s amb compet\u00e8ncia del Ple delegada a la Junta de Govern, segons l\u2019acord plenari del 6 de juliol de 2023:<\/p>\n\n\n\n<ul><li>Aprovaci\u00f3 Pla de Seguretat i Salut \u00a0de les obres de millora de les infraestructures del barri de la Riba.<\/li><\/ul>\n\n\n\n<p>Les sessions de la Junta de Govern local no s\u00f3n p\u00fabliques, per\u00f2 quan actua amb compet\u00e8ncies delegades del Ple la sessi\u00f3 se sotmet als mateixos requisits de publicitat que les sessions del Ple, que s\u00f3n p\u00fabliques. Aix\u00ed ho va declarar la STS 161\/2013, de 26 de setembre. Per aquest motiu, les portes de la sala de Plens s\u2019obriran a les 10:15h perqu\u00e8 hi pugui assistir p\u00fablic. Tamb\u00e9 es gravar\u00e0 aquest punt de l\u2019ordre del dia i, posteriorment, ser\u00e0 publicat per garantir la seva publicitat. L\u2019alcaldessa de la Bisbal del Pened\u00e8s, Agn\u00e8s Ferr\u00e9, ha fet arribar la informaci\u00f3 sobre aquesta proposta als regidors de l\u2019oposici\u00f3.<\/p>\n\n\n\n<hr class=\"wp-block-separator has-alpha-channel-opacity\"\/>\n\n\n\n<p><strong>CASTELLANO |&nbsp;<\/strong>Se ha convocado una Junta de Gobierno para el lunes 18 de septiembre. Una de las propuestas del orden del d\u00eda es con competencia del Pleno delegada a la Junta de Gobierno, seg\u00fan el acuerdo plenario del 6 de julio de 2023:<\/p>\n\n\n\n<ul><li>Aprobaci\u00f3n del Plan de Seguridad y Salud de las obras de mejora de infraestructuras del barrio de la Riba.<\/li><\/ul>\n\n\n\n<p>Las sesiones de la Junta de gobierno local no son p\u00fablicas, pero cuando act\u00faa con competencias delegadas del Pleno la sesi\u00f3n se somete a los mismos requisitos de publicidad que las sesiones del Pleno, que son p\u00fablicas. As\u00ed lo declar\u00f3 la STS 161\/2013, de 26 de septiembre. Por este motivo, las puertas de la sala de Plenos se abrir\u00e1n a las 10:15h para que pueda asistir p\u00fablico. Tambi\u00e9n se grabar\u00e1 este punto del orden del d\u00eda y, posteriormente, ser\u00e1 publicado para garantizar su publicidad. La alcaldesa de la Bisbal del Pened\u00e8s, Agn\u00e8s Ferr\u00e9, ha hecho llegar la informaci\u00f3n sobre esta propuesta a los concejales de la oposici\u00f3n.<\/p>\n","protected":false},"excerpt":{"rendered":"<p>S&#8217;ha convocat la Junta de Govern per al dilluns 18 de setembre. Una de les propostes de l\u2019ordre del dia \u00e9s amb compet\u00e8ncia del Ple delegada a la Junta de &hellip; <a href=\"https:\/\/bisbalpenedes.com\/web\/2023\/09\/15\/la-junta-de-govern-del-proper-dilluns-18-de-setembre-conte-una-proposta-amb-competencia-delegada-del-ple\/\" class=\"more-link\">Read More<\/a><\/p>\n","protected":false},"author":4,"featured_media":26417,"comment_status":"closed","ping_status":"closed","sticky":false,"template":"","format":"standard","meta":[],"categories":[3085,8,2250],"tags":[797,686,393,139],"_links":{"self":[{"href":"https:\/\/bisbalpenedes.com\/web\/wp-json\/wp\/v2\/posts\/27555"}],"collection":[{"href":"https:\/\/bisbalpenedes.com\/web\/wp-json\/wp\/v2\/posts"}],"about":[{"href":"https:\/\/bisbalpenedes.com\/web\/wp-json\/wp\/v2\/types\/post"}],"author":[{"embeddable":true,"href":"https:\/\/bisbalpenedes.com\/web\/wp-json\/wp\/v2\/users\/4"}],"replies":[{"embeddable":true,"href":"https:\/\/bisbalpenedes.com\/web\/wp-json\/wp\/v2\/comments?post=27555"}],"version-history":[{"count":1,"href":"https:\/\/bisbalpenedes.com\/web\/wp-json\/wp\/v2\/posts\/27555\/revisions"}],"predecessor-version":[{"id":27556,"href":"https:\/\/bisbalpenedes.com\/web\/wp-json\/wp\/v2\/posts\/27555\/revisions\/27556"}],"wp:featuredmedia":[{"embeddable":true,"href":"https:\/\/bisbalpenedes.com\/web\/wp-json\/wp\/v2\/media\/26417"}],"wp:attachment":[{"href":"https:\/\/bisbalpenedes.com\/web\/wp-json\/wp\/v2\/media?parent=27555"}],"wp:term":[{"taxonomy":"category","embeddable":true,"href":"https:\/\/bisbalpenedes.com\/web\/wp-json\/wp\/v2\/categories?post=27555"},{"taxonomy":"post_tag","embeddable":true,"href":"https:\/\/bisbalpenedes.com\/web\/wp-json\/wp\/v2\/tags?post=27555"}],"curies":[{"name":"wp","href":"https:\/\/api.w.org\/{rel}","templated":true}]}}