{"id":27550,"date":"2023-09-15T08:00:00","date_gmt":"2023-09-15T06:00:00","guid":{"rendered":"https:\/\/bisbalpenedes.com\/web\/?p=27550"},"modified":"2023-09-14T19:27:46","modified_gmt":"2023-09-14T17:27:46","slug":"lassociacio-de-cors-antistiana-i-lajuntament-signen-un-conveni-per-a-lany-2023","status":"publish","type":"post","link":"https:\/\/bisbalpenedes.com\/web\/2023\/09\/15\/lassociacio-de-cors-antistiana-i-lajuntament-signen-un-conveni-per-a-lany-2023\/","title":{"rendered":"<strong>L\u2019Associaci\u00f3 de Cors Antistiana i l\u2019Ajuntament signen un conveni per a l\u2019any 2023<\/strong>"},"content":{"rendered":"\n<p>La Junta de Govern del 4 de setembre va aprovar un conveni amb l\u2019Associaci\u00f3 de Cors Antistiana per un import de 4.000\u20ac i, aquest dimecres 13 de setembre, l&#8217;alcaldessa de la Bisbal del Pened\u00e8s, Agn\u00e8s Ferr\u00e9; i la presidenta de l&#8217;entitat, Roser Vidal, l&#8217;han signat.<\/p>\n\n\n\n<p>Amb aquest conveni, l&#8217;Ajuntament de la Bisbal del Pened\u00e8s col\u00b7labora en el finan\u00e7ament de les despeses derivades de l\u2019organitzaci\u00f3 i la participaci\u00f3 en les seg\u00fcents activitats:<\/p>\n\n\n\n<ul><li>Concerts a l&#8217;esgl\u00e9sia de Santa Maria durant el 2023 (gener, mar\u00e7, maig i novembre)<\/li><li>Altres activitats durant l&#8217;any 2023<\/li><li>Manteniment de l&#8217;orgue<\/li><li>Manteniment de l&#8217;afinaci\u00f3 del piano de cua<\/li><\/ul>\n\n\n\n<p>L&#8217;entitat, que fomenta la cultura a trav\u00e9s de la m\u00fasica i vetlla pel manteniment de l&#8217;orgue de la parr\u00f2quia, haur\u00e0 de justificar l&#8217;aplicaci\u00f3 de la subvenci\u00f3 concedida mitjan\u00e7ant la documentaci\u00f3 que requereixi l&#8217;Ajuntament de la Bisbal del Pened\u00e8s, com a m\u00e0xim el 31 de gener de 2024.<\/p>\n\n\n\n<hr class=\"wp-block-separator has-alpha-channel-opacity\"\/>\n\n\n\n<p><strong>CASTELLANO |<\/strong> La Junta de Gobierno del 4 de septiembre aprob\u00f3 un convenio con la Associaci\u00f3 de Cors Antistina por un importe de 4.000\u20ac y, este mi\u00e9rcoles 13 de septiembre, la alcaldesa de la Bisbal del Pened\u00e8s, Agn\u00e8s Ferr\u00e9; y la presidenta de la entidad, Roser Vidal, lo han firmado.<\/p>\n\n\n\n<p>Con este convenio, el Ayuntamiento de la Bisbal del Pened\u00e8s colabora con la financiaci\u00f3n de los gastos derivados de la organizaci\u00f3n y la participaci\u00f3n en las siguientes actividades:<\/p>\n\n\n\n<ul><li>Conciertos en la iglesia de Santa Mar\u00eda durante el 2023 (enero, marzo, mayo y noviembre)<\/li><li>Otras actividades durante el a\u00f1o 2023<\/li><li>Mantenimiento del \u00f3rgano<\/li><li>Mantenimiento de la afinaci\u00f3n del piano de cola<\/li><\/ul>\n\n\n\n<p>La entidad, que fomenta la cultura a trav\u00e9s de la m\u00fasica y vela por el mantenimiento del \u00f3rgano de la parroquia, deber\u00e1 justificar la aplicaci\u00f3n de la subvenci\u00f3n concedida mediante la documentaci\u00f3n que requiera el Ajuntament de la Bisbal del Pened\u00e8s, como m\u00e1ximo el 31 de enero de 2024.<\/p>\n","protected":false},"excerpt":{"rendered":"<p>La Junta de Govern del 4 de setembre va aprovar un conveni amb l\u2019Associaci\u00f3 de Cors Antistiana per un import de 4.000\u20ac i, aquest dimecres 13 de setembre, l&#8217;alcaldessa de &hellip; <a href=\"https:\/\/bisbalpenedes.com\/web\/2023\/09\/15\/lassociacio-de-cors-antistiana-i-lajuntament-signen-un-conveni-per-a-lany-2023\/\" class=\"more-link\">Read More<\/a><\/p>\n","protected":false},"author":4,"featured_media":27551,"comment_status":"closed","ping_status":"closed","sticky":false,"template":"","format":"standard","meta":[],"categories":[2057,13,20,3085,8],"tags":[459,688,1072,225,393,72],"_links":{"self":[{"href":"https:\/\/bisbalpenedes.com\/web\/wp-json\/wp\/v2\/posts\/27550"}],"collection":[{"href":"https:\/\/bisbalpenedes.com\/web\/wp-json\/wp\/v2\/posts"}],"about":[{"href":"https:\/\/bisbalpenedes.com\/web\/wp-json\/wp\/v2\/types\/post"}],"author":[{"embeddable":true,"href":"https:\/\/bisbalpenedes.com\/web\/wp-json\/wp\/v2\/users\/4"}],"replies":[{"embeddable":true,"href":"https:\/\/bisbalpenedes.com\/web\/wp-json\/wp\/v2\/comments?post=27550"}],"version-history":[{"count":2,"href":"https:\/\/bisbalpenedes.com\/web\/wp-json\/wp\/v2\/posts\/27550\/revisions"}],"predecessor-version":[{"id":27553,"href":"https:\/\/bisbalpenedes.com\/web\/wp-json\/wp\/v2\/posts\/27550\/revisions\/27553"}],"wp:featuredmedia":[{"embeddable":true,"href":"https:\/\/bisbalpenedes.com\/web\/wp-json\/wp\/v2\/media\/27551"}],"wp:attachment":[{"href":"https:\/\/bisbalpenedes.com\/web\/wp-json\/wp\/v2\/media?parent=27550"}],"wp:term":[{"taxonomy":"category","embeddable":true,"href":"https:\/\/bisbalpenedes.com\/web\/wp-json\/wp\/v2\/categories?post=27550"},{"taxonomy":"post_tag","embeddable":true,"href":"https:\/\/bisbalpenedes.com\/web\/wp-json\/wp\/v2\/tags?post=27550"}],"curies":[{"name":"wp","href":"https:\/\/api.w.org\/{rel}","templated":true}]}}