{"id":27535,"date":"2023-09-13T18:10:24","date_gmt":"2023-09-13T16:10:24","guid":{"rendered":"https:\/\/bisbalpenedes.com\/web\/?p=27535"},"modified":"2023-09-13T18:10:24","modified_gmt":"2023-09-13T16:10:24","slug":"el-proper-dilluns-18-de-setembre-tindra-lloc-el-primer-ple-ordinari-de-lajuntament-de-la-bisbal-del-penedes-corresponent-a-aquest-mandat","status":"publish","type":"post","link":"https:\/\/bisbalpenedes.com\/web\/2023\/09\/13\/el-proper-dilluns-18-de-setembre-tindra-lloc-el-primer-ple-ordinari-de-lajuntament-de-la-bisbal-del-penedes-corresponent-a-aquest-mandat\/","title":{"rendered":"El proper dilluns 18 de setembre tindr\u00e0 lloc el primer Ple Ordinari de l\u2019Ajuntament de la Bisbal del Pened\u00e8s corresponent a aquest mandat"},"content":{"rendered":"\n<p>El proper dilluns 18 de setembre, a les 18h, se celebrar\u00e0 el primer Ple Ordinari, d&#8217;aquest mandat, de l\u2019Ajuntament de la Bisbal del Pened\u00e8s. S\u2019hi tractaran els punts seg\u00fcents:<\/p>\n\n\n\n<p><strong>PART RESOLUTIVA<\/strong><\/p>\n\n\n\n<p>1.-Aprovaci\u00f3 de l\u2019acta del Ple extraordinari del 17 de juny<\/p>\n\n\n\n<p>2.-Aprovaci\u00f3 de l\u2019acta del Ple extraordinari del 28 de juny<\/p>\n\n\n\n<p>3.-Aprovaci\u00f3 de l\u2019acta del Ple extraordinari del 6 de juliol<\/p>\n\n\n\n<p>4.-Ratificaci\u00f3 del recurs d\u2019al\u00e7ada presentat contra l\u2019autoritzaci\u00f3 administrativa pr\u00e8via de la \u201cMAT\u201d<\/p>\n\n\n\n<p>5.-Aprovaci\u00f3 del Compte general de l\u2019exercici 2022<\/p>\n\n\n\n<p>6.-Aprovaci\u00f3 inicial de la Ordenan\u00e7a municipal reguladora de la conservaci\u00f3 i neteja de parcel\u00b7les<\/p>\n\n\n\n<p>7.-Modificaci\u00f3 de cr\u00e8dit 2PLE\/2023, amb la modalitat d\u2019incorporaci\u00f3 de romanents de cr\u00e8dit<\/p>\n\n\n\n<p>8.-Proposta d\u2019acord presentada pels regidors dels grups municipals La Bisbal Decideix i Tots som la Bisbal\u2013Urbanizaciones unidas: proclamaci\u00f3 de municipi cardioprotegit<\/p>\n\n\n\n<p>9.-Proposta d\u2019acord presentada pels regidors dels grups municipals La Bisbal Decideix i Tots som la Bisbal\u2013 Urbanizaciones unidas: impuls de mesures de moderaci\u00f3 dels consums d\u2019aigua entre la ciutadania arran de l\u2019estat d\u2019excepcionalitat per sequera<\/p>\n\n\n\n<p>10.-Proposta d\u2019acord presentada per un regidor del grup municipal La Bisbal Decideix i els regidors del grup municipal Tots som la Bisbal\u2013 Urbanizaciones unidas: gratu\u00eftat del bus urb\u00e0 pels alumnes de l\u2019IES Coster la Torre<\/p>\n\n\n\n<p><strong>PART DE CONTROL<\/strong><\/p>\n\n\n\n<p>11.-Donar compte dels Decrets d\u2019Alcaldia<\/p>\n\n\n\n<p>12.-Donar compte dels acords de la Junta de Govern Local<\/p>\n\n\n\n<p>13.-Donar compte de l\u2019informe d\u2019Intervenci\u00f3 relatiu al control financer de les subvencions nominatives de l\u2019exercici 2020<\/p>\n\n\n\n<p>14.-Donar compte de l\u2019informe d\u2019Intervenci\u00f3 relatiu a l\u2019execuci\u00f3 del pressupost, corresponent al 1r trimestre de l\u2019exercici 2023<\/p>\n\n\n\n<p>15.-Donar compte de l\u2019informe d\u2019Intervenci\u00f3 relatiu a l\u2019execuci\u00f3 del pressupost corresponent al 2n trimestre de 2023<\/p>\n\n\n\n<p>16.-Donar compte de l\u2019informe d\u2019Intervenci\u00f3 relatiu al per\u00edode mitj\u00e0 de pagament corresponent al 1r trimestre de 2023<\/p>\n\n\n\n<p>17.-Donar compte de l\u2019informe d\u2019Intervenci\u00f3 relatiu al per\u00edode mitj\u00e0 de pagament corresponent al 2n trimestre de 2023<\/p>\n\n\n\n<p>18.-Donar compte de l\u2019informe d\u2019intervenci\u00f3 relatiu a la presa de ra\u00f3 dels drets i ingressos corresponents al 1r trimestre de 2023<\/p>\n\n\n\n<p>19.-Donar compte de l\u2019informe d\u2019Intervenci\u00f3 de la modificaci\u00f3 de cr\u00e8dit n\u00fam. 5ALC\/2023 en la modalitat de generaci\u00f3 de cr\u00e8dit<\/p>\n\n\n\n<p>20.-Donar compte de l\u2019informe d\u2019Intervenci\u00f3 relatiu a l\u2019aprovaci\u00f3 de les l\u00ednies fonamentals del pressupost per a l\u2019exercici 2024<\/p>\n\n\n\n<p>21.-Donar compte del Pla d\u2019acci\u00f3 pel 2023<\/p>\n\n\n\n<p>22.-Precs i preguntes<\/p>\n\n\n\n<p><strong>PRECS I PREGUNTES DE LA CIUTADANIA<\/strong><\/p>\n\n\n\n<p>Segons el ROM aprovat al Ple de l\u2019Ajuntament de la Bisbal el 19 de juny de 2017, la ciutadania pot participar en els Plens Ordinaris. Tot seguit us detallem el funcionament d\u2019aquest sup\u00f2sit:<\/p>\n\n\n\n<p>Totes les persones tenen dret a intervenir en les sessions ordin\u00e0ries del Ple en el punt de l\u2019ordre del dia de \u2018Precs i preguntes\u2019, d\u2019acord amb les prescripcions seg\u00fcents:<\/p>\n\n\n\n<ul><li>El prec o pregunta s\u2019haur\u00e0 de sol\u2022licitar a l\u2019Alcaldia:<\/li><\/ul>\n\n\n\n<p>o per escrit i entrar-lo\/a al Registre General com a m\u00e0xim 24 hores abans del Ple Ordinari<\/p>\n\n\n\n<p>o Per Twitter a @BisbalPenedes com a m\u00e0xim 24h abans del Ple Ordinari, complint el protocol d\u2019\u00fas de les xarxes socials i emprant l\u2019etiqueta&nbsp;<a href=\"https:\/\/www.facebook.com\/hashtag\/plebisbalpened%C3%A8s?__eep__=6&amp;source=feed_text&amp;epa=HASHTAG&amp;__xts__%5B0%5D=68.ARD1wXWwwlno0rOKPmoxxgSz89WYH5i8NHgdzmCY3U1GDyNswWNuLJC5R3CyiwZ8glyCklNOgb5D6-ILDBbxPeAhsZdMu8qbfllJN2mwOAG9lPX1POezHU4xpQ6CrtbSOFPuM13bcQDPXDkcT8uMdzLDRgfw5h57ESASLFFbhrUkWoxSN8IheJ2bj9-81sTG3gqQ-wPW1oTv63_qHlpWUiTPav-2exYCEXYInFYQJDcg-f8siVOv1iRTgFStQHuyX1OUlmXnMQEAJGyp0rbWxJ0DXP_c3jiScxjBnW0-ebrftvJ5rcDs6dNS_U1mdQ8lmfvzgSMIsH-xyDrOEt-i4-01nqBm&amp;__tn__=%2ANK-R\">#PleBisbalPened\u00e8s<\/a>, seguit del prec o pregunta.<\/p>\n\n\n\n<ul><li>L\u2019assumpte objecte del prec o pregunta haur\u00e0 de ser de compet\u00e8ncia municipal sobre l\u2019acci\u00f3 de govern o estar directament relacionat amb els punts inclosos a l\u2019ordre del dia.<\/li><li>Cada ciutad\u00e0\/ana pot formular un prec i una pregunta en un mateix Ple. La longitud m\u00e0xima de cada piulada \u00e9s de 140 car\u00e0cters i no es pot continuar la pregunta en un segon \u2018tweet\u2019.<\/li><li>L\u2019alcaldia podr\u00e0 no respondre si \u00e9s un assumpte sobre el qual l\u2019Ajuntament no t\u00e9 compet\u00e8ncies o si ja s\u2019ha presentat la mateixa pregunta en una altra sessi\u00f3 plen\u00e0ria en els \u00faltims 6 mesos.<\/li><li>L\u2019alcaldia comunicar\u00e0, acabat el termini m\u00e0xim de presentaci\u00f3 de preguntes, a qui vagin dirigides les preguntes o peticions sol\u2022licitades perqu\u00e8 les pugui respondre.<\/li><li>L\u2019Alcaldia llegir\u00e0 la pregunta en veu alta.<\/li><li>L\u2019alcaldia o a qui va adre\u00e7ada la pregunta, la respondr\u00e0 en la mateixa sessi\u00f3 del Ple.<\/li><\/ul>\n\n\n\n<hr class=\"wp-block-separator has-alpha-channel-opacity\"\/>\n\n\n\n<p><strong>CASTELLANO |<\/strong>\u00a0El pr\u00f3ximo lunes 18 de septiembre, a las 18h, se celebrar\u00e1 el primer Pleno Ordinario, de este mandato, del Ayuntamiento de la Bisbal del Pened\u00e8s. Se tratar\u00e1n los puntos siguientes:<\/p>\n\n\n\n<p><strong>PARTE RESOLUTIVA<\/strong><\/p>\n\n\n\n<p>1.-Aprobaci\u00f3n del acta del Pleno extraordinario del 17 de junio<\/p>\n\n\n\n<p>2.-Aprobaci\u00f3n del acta del Pleno extraordinario del 28 de junio<\/p>\n\n\n\n<p>3.-Aprobaci\u00f3n del acta del Pleno extraordinario del 6 de julio<\/p>\n\n\n\n<p>4.-Ratificaci\u00f3n del recurso de alzada presentado contra la autorizaci\u00f3n administrativa previa a la \u201cMAT\u201d<\/p>\n\n\n\n<p>5.-Aprobaci\u00f3n de la Cuenta general del ejercicio 2022<\/p>\n\n\n\n<p>6.-Aprobaci\u00f3n inicial de la Ordenanza municipal reguladora de la conservaci\u00f3n y limpieza de parcelas<\/p>\n\n\n\n<p>7.-Modificaci\u00f3n de cr\u00e9dito 2PLE\/2023, con la modalidad de incorporaci\u00f3n de remanentes de cr\u00e9dito<\/p>\n\n\n\n<p>8.-Propuesta de acuerdo presentada por los concejales de los grupos municipales La Bisbal Decideix y Tots Som la Bisbal-Urbanizaciones Unidas: proclamaci\u00f3n de municipio cardioprotegido<\/p>\n\n\n\n<p>9.-Propuesta de acuerdo presentada por los concejales de los grupos municipales La Bisbal Decideix y Tots som la Bisbal-Urbanizaciones Unidas: impulso de medidas de moderaci\u00f3n de los consumos de agua entre la ciudadan\u00eda a ra\u00edz del estado de excepcionalidad por sequ\u00eda<\/p>\n\n\n\n<p>10.-Propuesta de acuerdo presentada por un concejal del grupo municipal La Bisbal Decideix y los concejales del grupo municipal Tots som la Bisbal-Urbanizaciones Unidas: gratuidad del bus urbano para los alumnos de l\u2019IES Coster de la Torre<\/p>\n\n\n\n<p><strong>PARTE DE CONTROL<\/strong><\/p>\n\n\n\n<p>11.-Dar cuenta de los Decretos de Alcald\u00eda<\/p>\n\n\n\n<p>12.-Dar cuenta de los acuerdos de la Junta de Gobierno Local<\/p>\n\n\n\n<p>13.-Dar cuenta del informe de Intervenci\u00f3n relativo al control financiero de las subvenciones nominativas del ejercicio 2020<\/p>\n\n\n\n<p>14.-Dar cuenta del informe de Intervenci\u00f3n relativo a la ejecuci\u00f3n del presupuesto, correspondiente al 1\u00ba trimestre del ejercicio 2023<\/p>\n\n\n\n<p>15.-Dar cuenta del informe de Intervenci\u00f3n relativo a la ejecuci\u00f3n del presupuesto correspondiente al 2\u00ba trimestre de 2023<\/p>\n\n\n\n<p>16.-Dar cuenta del informe de Intervenci\u00f3n relativo al periodo medio de pago correspondiente al 1\u00ba trimestre de 2023<\/p>\n\n\n\n<p>17.-Dar cuenta del informe de Intervenci\u00f3n relativo al periodo medio de pago correspondiente al 2\u00ba trimestre de 2023<\/p>\n\n\n\n<p>18.-Dar cuenta del informe de Intervenci\u00f3n relativo a la toma de raz\u00f3n de los derechos e ingresos correspondientes al 1\u00ba trimestre de 2023.<\/p>\n\n\n\n<p>19.-Dar cuenta del informe de Intervenci\u00f3n de la modificaci\u00f3n de cr\u00e9dito n\u00fam. 5ALC\/2023 en la modalidad de generaci\u00f3n de cr\u00e9dito.<\/p>\n\n\n\n<p>20.-Dar cuenta del informe de Intervenci\u00f3n relativo a la aprobaci\u00f3n de las l\u00edneas fundamentales del presupuesto para el ejercicio 2024<\/p>\n\n\n\n<p>21.-Dar cuenta del Plan de acci\u00f3n para el 2023<\/p>\n\n\n\n<p>22.-Ruegos y preguntas<\/p>\n\n\n\n<p>*****<\/p>\n\n\n\n<p><strong>RUEGOS Y PREGUNTAS DE LA CIUDADAN\u00cdA<\/strong><\/p>\n\n\n\n<p>Seg\u00fan el ROM aprobado en el Pleno del Ayuntamiento de la Bisbal del Pened\u00e8s el pasado 19 de junio del 2017, la ciudadan\u00eda puede participar en los Plenos Ordinarios. A continuaci\u00f3n, os detallamos el funcionamiento de este supuesto:<\/p>\n\n\n\n<p>Todas las personas tienen derecho a intervenir en las sesiones ordinarias del Pleno en el punto de la orden del d\u00eda de \u2018Ruegos y preguntas\u2019, de acuerdo con las prescripciones siguientes:<\/p>\n\n\n\n<ul><li>El ruego o pregunta deber\u00e1 solicitarse a Alcald\u00eda:<\/li><\/ul>\n\n\n\n<p>o Por escrito y entrarlo\/la por escrito como m\u00e1ximo 24 horas antes del Pleno Ordinario<\/p>\n\n\n\n<p>o Por Twitter en @BisbalPenedes como m\u00e1ximo 24h antes del Pleno Ordinario, cumpliendo el protocolo de uso de las redes sociales con el formato&nbsp;<a href=\"https:\/\/www.facebook.com\/hashtag\/plebisbalpened%C3%A8s?__eep__=6&amp;source=feed_text&amp;epa=HASHTAG&amp;__xts__%5B0%5D=68.ARD1wXWwwlno0rOKPmoxxgSz89WYH5i8NHgdzmCY3U1GDyNswWNuLJC5R3CyiwZ8glyCklNOgb5D6-ILDBbxPeAhsZdMu8qbfllJN2mwOAG9lPX1POezHU4xpQ6CrtbSOFPuM13bcQDPXDkcT8uMdzLDRgfw5h57ESASLFFbhrUkWoxSN8IheJ2bj9-81sTG3gqQ-wPW1oTv63_qHlpWUiTPav-2exYCEXYInFYQJDcg-f8siVOv1iRTgFStQHuyX1OUlmXnMQEAJGyp0rbWxJ0DXP_c3jiScxjBnW0-ebrftvJ5rcDs6dNS_U1mdQ8lmfvzgSMIsH-xyDrOEt-i4-01nqBm&amp;__tn__=%2ANK-R\">#PleBisbalPened\u00e8s<\/a>, seguido del ruego o pregunta.<\/p>\n\n\n\n<ul><li>El asunto objeto del ruego o pregunta deber\u00e1 ser de competencia municipal sobre la acci\u00f3n de gobierno o estar directamente relacionado con los puntos incluidos en el orden del d\u00eda.<\/li><li>Cada ciudadano\/na puede formular un ruego y una pregunta en un mismo Pleno. La longitud m\u00e1xima de cada tweet es de 140 caracteres y no se puede continuar la pregunta con un segundo \u2018tweet.<\/li><li>Alcald\u00eda podr\u00e1 no responder si es un asunto sobre el cual el Ayuntamiento no tiene competencias o si ya se ha presentado la misma pregunta en otra sesi\u00f3n plenaria de los \u00faltimos 6 meses.<\/li><li>&nbsp;Alcald\u00eda comunicar\u00e1, terminado el plazo m\u00e1ximo de presentaci\u00f3n de preguntas, a quien vayan dirigidas las preguntas o peticiones solicitadas para que las pueda responder.<\/li><li>Alcald\u00eda leer\u00e1 la pregunta en voz alta.<\/li><li>Alcald\u00eda o a quien vaya dirigida la pregunta, la responder\u00e1 en la misma sesi\u00f3n del Pleno.<\/li><\/ul>\n","protected":false},"excerpt":{"rendered":"<p>El proper dilluns 18 de setembre, a les 18h, se celebrar\u00e0 el primer Ple Ordinari, d&#8217;aquest mandat, de l\u2019Ajuntament de la Bisbal del Pened\u00e8s. S\u2019hi tractaran els punts seg\u00fcents: PART &hellip; <a href=\"https:\/\/bisbalpenedes.com\/web\/2023\/09\/13\/el-proper-dilluns-18-de-setembre-tindra-lloc-el-primer-ple-ordinari-de-lajuntament-de-la-bisbal-del-penedes-corresponent-a-aquest-mandat\/\" class=\"more-link\">Read More<\/a><\/p>\n","protected":false},"author":4,"featured_media":20647,"comment_status":"closed","ping_status":"closed","sticky":false,"template":"","format":"standard","meta":[],"categories":[2402,8,2251,2250],"tags":[393,1374,249,814],"_links":{"self":[{"href":"https:\/\/bisbalpenedes.com\/web\/wp-json\/wp\/v2\/posts\/27535"}],"collection":[{"href":"https:\/\/bisbalpenedes.com\/web\/wp-json\/wp\/v2\/posts"}],"about":[{"href":"https:\/\/bisbalpenedes.com\/web\/wp-json\/wp\/v2\/types\/post"}],"author":[{"embeddable":true,"href":"https:\/\/bisbalpenedes.com\/web\/wp-json\/wp\/v2\/users\/4"}],"replies":[{"embeddable":true,"href":"https:\/\/bisbalpenedes.com\/web\/wp-json\/wp\/v2\/comments?post=27535"}],"version-history":[{"count":2,"href":"https:\/\/bisbalpenedes.com\/web\/wp-json\/wp\/v2\/posts\/27535\/revisions"}],"predecessor-version":[{"id":27537,"href":"https:\/\/bisbalpenedes.com\/web\/wp-json\/wp\/v2\/posts\/27535\/revisions\/27537"}],"wp:featuredmedia":[{"embeddable":true,"href":"https:\/\/bisbalpenedes.com\/web\/wp-json\/wp\/v2\/media\/20647"}],"wp:attachment":[{"href":"https:\/\/bisbalpenedes.com\/web\/wp-json\/wp\/v2\/media?parent=27535"}],"wp:term":[{"taxonomy":"category","embeddable":true,"href":"https:\/\/bisbalpenedes.com\/web\/wp-json\/wp\/v2\/categories?post=27535"},{"taxonomy":"post_tag","embeddable":true,"href":"https:\/\/bisbalpenedes.com\/web\/wp-json\/wp\/v2\/tags?post=27535"}],"curies":[{"name":"wp","href":"https:\/\/api.w.org\/{rel}","templated":true}]}}