{"id":27531,"date":"2023-09-13T11:40:00","date_gmt":"2023-09-13T09:40:00","guid":{"rendered":"https:\/\/bisbalpenedes.com\/web\/?p=27531"},"modified":"2023-09-13T12:41:29","modified_gmt":"2023-09-13T10:41:29","slug":"els-veins-i-veines-del-nucli-votaran-els-pressupostos-participatius-el-dimecres-20-de-setembre-al-mati","status":"publish","type":"post","link":"https:\/\/bisbalpenedes.com\/web\/2023\/09\/13\/els-veins-i-veines-del-nucli-votaran-els-pressupostos-participatius-el-dimecres-20-de-setembre-al-mati\/","title":{"rendered":"<strong>Els ve\u00efns i ve\u00efnes del nucli, votaran els Pressupostos Participatius el dimecres 20 de setembre al mat\u00ed<\/strong>"},"content":{"rendered":"\n<p>El proper dimecres 20 de setembre de 10h a 12h, podreu votar als Pressupostos Participatius a la pla\u00e7a Catalunya.<\/p>\n\n\n\n<p>Els que no pugueu venir a votar el dimecres, podreu votar a l\u2019Ajuntament del 21 al 27 de setembre.<\/p>\n\n\n\n<p>Trobareu els papers per votar en cada punt de votaci\u00f3. Cada habitatge -sigueu ve\u00efns empadronats o no- podr\u00e0 emetre un vot.<\/p>\n\n\n\n<p>El recompte de vots es far\u00e0 quan s\u2019acabi l\u2019horari de votacions i es gravar\u00e0 per publicar-lo a les xarxes socials. Val a dir que, tot i que es faci aquest recompte, encara pot variar amb els vots que els ve\u00efns o ve\u00efnes puguin adre\u00e7ar directament a l\u2019Ajuntament, en cas de no poder venir a votar el dia en qu\u00e8 es faci al seu barri.<\/p>\n\n\n\n<p>Aquestes s\u00f3n les propostes que es podran votar al nucli:<\/p>\n\n\n\n<ul><li>Parc de cal\u00b7list\u00e8nia per als joves, al costat de l\u2019edifici del Rebost Solidari<\/li><li>Arreglar part del cam\u00ed de vianants de les cases del torrent cap a dalt el carrer<\/li><li>Taules de ping-pong d\u2019exterior al parc de la Riba<\/li><\/ul>\n\n\n\n<hr class=\"wp-block-separator has-alpha-channel-opacity\"\/>\n\n\n\n<p><strong>CASTELLANO |<\/strong>\u00a0El pr\u00f3ximo mi\u00e9rcoles 20 de septiembre, de 10 a 12h, podr\u00e9is votar los Presupuestos Participativos en la plaza Catalunya.<\/p>\n\n\n\n<p>Los que no pod\u00e1is venir a votar el mi\u00e9rcoles, podr\u00e9is votar en el Ayuntamiento del 21 al 27 de septiembre.<\/p>\n\n\n\n<p>Encontrar\u00e9is los papeles para votar en cada punto de votaci\u00f3n. Cada vivienda -se\u00e1is vecinos empadronados o no-, podr\u00e1 emitir un voto.<\/p>\n\n\n\n<p>El recuento de votos ser har\u00e1 cuando se termine el horario de votaciones y se grabar\u00e1 para publicarlo en las redes sociales. Cabe decir que, aunque se haga este recuento, todav\u00eda puede variar con los votos que los vecinos o vecinas puedan dirigir directamente al Ayuntamiento, en caso de no poder venir a votar el d\u00eda en el que se haga en su barrio.<\/p>\n\n\n\n<p>Estas son las propuestas que se podr\u00e1n votar en el n\u00facleo:<\/p>\n\n\n\n<ul><li>Parque de calistenia para los j\u00f3venes, al lado del edificio del Rebost Solidari<\/li><li>Arreglar parte del camino peatonal de las casas del torrente hacia la calle de arriba<\/li><li>Mesas de ping-pong de exterior en el parque de la Riba<\/li><\/ul>\n","protected":false},"excerpt":{"rendered":"<p>El proper dimecres 20 de setembre de 10h a 12h, podreu votar als Pressupostos Participatius a la pla\u00e7a Catalunya. Els que no pugueu venir a votar el dimecres, podreu votar &hellip; <a href=\"https:\/\/bisbalpenedes.com\/web\/2023\/09\/13\/els-veins-i-veines-del-nucli-votaran-els-pressupostos-participatius-el-dimecres-20-de-setembre-al-mati\/\" class=\"more-link\">Read More<\/a><\/p>\n","protected":false},"author":4,"featured_media":27532,"comment_status":"closed","ping_status":"closed","sticky":false,"template":"","format":"standard","meta":[],"categories":[2402,8,6193],"tags":[459,393,790,1374,1048,980],"_links":{"self":[{"href":"https:\/\/bisbalpenedes.com\/web\/wp-json\/wp\/v2\/posts\/27531"}],"collection":[{"href":"https:\/\/bisbalpenedes.com\/web\/wp-json\/wp\/v2\/posts"}],"about":[{"href":"https:\/\/bisbalpenedes.com\/web\/wp-json\/wp\/v2\/types\/post"}],"author":[{"embeddable":true,"href":"https:\/\/bisbalpenedes.com\/web\/wp-json\/wp\/v2\/users\/4"}],"replies":[{"embeddable":true,"href":"https:\/\/bisbalpenedes.com\/web\/wp-json\/wp\/v2\/comments?post=27531"}],"version-history":[{"count":1,"href":"https:\/\/bisbalpenedes.com\/web\/wp-json\/wp\/v2\/posts\/27531\/revisions"}],"predecessor-version":[{"id":27533,"href":"https:\/\/bisbalpenedes.com\/web\/wp-json\/wp\/v2\/posts\/27531\/revisions\/27533"}],"wp:featuredmedia":[{"embeddable":true,"href":"https:\/\/bisbalpenedes.com\/web\/wp-json\/wp\/v2\/media\/27532"}],"wp:attachment":[{"href":"https:\/\/bisbalpenedes.com\/web\/wp-json\/wp\/v2\/media?parent=27531"}],"wp:term":[{"taxonomy":"category","embeddable":true,"href":"https:\/\/bisbalpenedes.com\/web\/wp-json\/wp\/v2\/categories?post=27531"},{"taxonomy":"post_tag","embeddable":true,"href":"https:\/\/bisbalpenedes.com\/web\/wp-json\/wp\/v2\/tags?post=27531"}],"curies":[{"name":"wp","href":"https:\/\/api.w.org\/{rel}","templated":true}]}}