{"id":27523,"date":"2023-09-13T12:39:46","date_gmt":"2023-09-13T10:39:46","guid":{"rendered":"https:\/\/bisbalpenedes.com\/web\/?p=27523"},"modified":"2023-09-13T12:40:12","modified_gmt":"2023-09-13T10:40:12","slug":"entrevista-a-jaume-junque-els-dies-22-23-i-24-de-setembre-la-bisbal-del-penedes-acollira-el-festival-grafftech-fest-el-primer-festival-del-mon-que-omplira-de-pintures-murals-amb-realitat-augmentada","status":"publish","type":"post","link":"https:\/\/bisbalpenedes.com\/web\/2023\/09\/13\/entrevista-a-jaume-junque-els-dies-22-23-i-24-de-setembre-la-bisbal-del-penedes-acollira-el-festival-grafftech-fest-el-primer-festival-del-mon-que-omplira-de-pintures-murals-amb-realitat-augmentada\/","title":{"rendered":"Entrevista a Jaume Junqu\u00e9: els dies 22, 23 i 24 de setembre La Bisbal del Pened\u00e8s acollir\u00e0 el Festival GraffTech Fest: el primer festival del m\u00f3n que omplir\u00e0 de pintures murals amb realitat augmentada tot un municipi"},"content":{"rendered":"\n<p>Els dies 22, 23 i 24 de setembre La Bisbal del Pened\u00e8s acollir\u00e0 el Festival GraffTech Fest, el primer festival del m\u00f3n que omplir\u00e0 de pintures murals amb realitat augmentada tot un municipi. Per endinsar-nos en aquest gran esdeveniment hem parlat amb el bisbalenc Jaume Junqu\u00e9, el CEO de <a href=\"https:\/\/www.facebook.com\/suiteofart?__cft__[0]=AZUlv3UrPDKMJBvU8PdH4JdocdHh8EjgXGU5sPmP1PK20hd3yson4fRYjoStff9QApEJkbAhucQ4VOXMX0zw0YbZ3ZwxpJ9wwIn_OoaBsfw-GyooLF335lhAL2wvppPqxaRp6CsfSYzUd8AXhtJ0mwDi_lQqU8a43QYJSc0vXG_ewSFdzZGgnfGCm3gG_RYqcKA&amp;__tn__=-]K-R\">Suite Of Art<\/a><\/p>\n\n\n\n<hr class=\"wp-block-separator has-alpha-channel-opacity\"\/>\n\n\n\n<p>Los d\u00edas 22, 23 y 24 de septiembre La Bisbal del Pened\u00e8s acoger\u00e1 el Festival GraffTech Fest, el primer festival del mundo que llena de pinturas murales con realidad aumentada todo un municipio. Para adentrarnos en este gran evento hemos hablado con el bisbalenc Jaume Junqu\u00e9, el CEO de Suite of Art.<\/p>\n\n\n\n<figure class=\"wp-block-image size-large\"><img loading=\"lazy\" width=\"724\" height=\"1024\" src=\"https:\/\/bisbalpenedes.com\/web\/wp-content\/uploads\/2023\/09\/1-1-724x1024.png\" alt=\"\" class=\"wp-image-27525\" srcset=\"https:\/\/bisbalpenedes.com\/web\/wp-content\/uploads\/2023\/09\/1-1-724x1024.png 724w, https:\/\/bisbalpenedes.com\/web\/wp-content\/uploads\/2023\/09\/1-1-212x300.png 212w, https:\/\/bisbalpenedes.com\/web\/wp-content\/uploads\/2023\/09\/1-1-768x1086.png 768w, https:\/\/bisbalpenedes.com\/web\/wp-content\/uploads\/2023\/09\/1-1-1086x1536.png 1086w, https:\/\/bisbalpenedes.com\/web\/wp-content\/uploads\/2023\/09\/1-1-1448x2048.png 1448w, https:\/\/bisbalpenedes.com\/web\/wp-content\/uploads\/2023\/09\/1-1-600x848.png 600w, https:\/\/bisbalpenedes.com\/web\/wp-content\/uploads\/2023\/09\/1-1.png 1768w\" sizes=\"(max-width: 724px) 100vw, 724px\" \/><\/figure>\n\n\n\n<figure class=\"wp-block-image size-large\"><img loading=\"lazy\" width=\"724\" height=\"1024\" src=\"https:\/\/bisbalpenedes.com\/web\/wp-content\/uploads\/2023\/09\/2-1-724x1024.png\" alt=\"\" class=\"wp-image-27526\" srcset=\"https:\/\/bisbalpenedes.com\/web\/wp-content\/uploads\/2023\/09\/2-1-724x1024.png 724w, https:\/\/bisbalpenedes.com\/web\/wp-content\/uploads\/2023\/09\/2-1-212x300.png 212w, https:\/\/bisbalpenedes.com\/web\/wp-content\/uploads\/2023\/09\/2-1-768x1086.png 768w, https:\/\/bisbalpenedes.com\/web\/wp-content\/uploads\/2023\/09\/2-1-1086x1536.png 1086w, https:\/\/bisbalpenedes.com\/web\/wp-content\/uploads\/2023\/09\/2-1-1448x2048.png 1448w, https:\/\/bisbalpenedes.com\/web\/wp-content\/uploads\/2023\/09\/2-1-600x848.png 600w, https:\/\/bisbalpenedes.com\/web\/wp-content\/uploads\/2023\/09\/2-1.png 1768w\" sizes=\"(max-width: 724px) 100vw, 724px\" \/><\/figure>\n\n\n\n<figure class=\"wp-block-image size-large\"><img loading=\"lazy\" width=\"724\" height=\"1024\" src=\"https:\/\/bisbalpenedes.com\/web\/wp-content\/uploads\/2023\/09\/3-2-724x1024.png\" alt=\"\" class=\"wp-image-27529\" srcset=\"https:\/\/bisbalpenedes.com\/web\/wp-content\/uploads\/2023\/09\/3-2-724x1024.png 724w, https:\/\/bisbalpenedes.com\/web\/wp-content\/uploads\/2023\/09\/3-2-212x300.png 212w, https:\/\/bisbalpenedes.com\/web\/wp-content\/uploads\/2023\/09\/3-2-768x1086.png 768w, https:\/\/bisbalpenedes.com\/web\/wp-content\/uploads\/2023\/09\/3-2-1086x1536.png 1086w, https:\/\/bisbalpenedes.com\/web\/wp-content\/uploads\/2023\/09\/3-2-1448x2048.png 1448w, https:\/\/bisbalpenedes.com\/web\/wp-content\/uploads\/2023\/09\/3-2-600x848.png 600w, https:\/\/bisbalpenedes.com\/web\/wp-content\/uploads\/2023\/09\/3-2.png 1768w\" sizes=\"(max-width: 724px) 100vw, 724px\" \/><\/figure>\n","protected":false},"excerpt":{"rendered":"<p>Els dies 22, 23 i 24 de setembre La Bisbal del Pened\u00e8s acollir\u00e0 el Festival GraffTech Fest, el primer festival del m\u00f3n que omplir\u00e0 de pintures murals amb realitat augmentada &hellip; <a href=\"https:\/\/bisbalpenedes.com\/web\/2023\/09\/13\/entrevista-a-jaume-junque-els-dies-22-23-i-24-de-setembre-la-bisbal-del-penedes-acollira-el-festival-grafftech-fest-el-primer-festival-del-mon-que-omplira-de-pintures-murals-amb-realitat-augmentada\/\" class=\"more-link\">Read More<\/a><\/p>\n","protected":false},"author":4,"featured_media":27524,"comment_status":"closed","ping_status":"closed","sticky":false,"template":"","format":"standard","meta":[],"categories":[13,8,4878],"tags":[459,6210,393,5211,5200,5201],"_links":{"self":[{"href":"https:\/\/bisbalpenedes.com\/web\/wp-json\/wp\/v2\/posts\/27523"}],"collection":[{"href":"https:\/\/bisbalpenedes.com\/web\/wp-json\/wp\/v2\/posts"}],"about":[{"href":"https:\/\/bisbalpenedes.com\/web\/wp-json\/wp\/v2\/types\/post"}],"author":[{"embeddable":true,"href":"https:\/\/bisbalpenedes.com\/web\/wp-json\/wp\/v2\/users\/4"}],"replies":[{"embeddable":true,"href":"https:\/\/bisbalpenedes.com\/web\/wp-json\/wp\/v2\/comments?post=27523"}],"version-history":[{"count":2,"href":"https:\/\/bisbalpenedes.com\/web\/wp-json\/wp\/v2\/posts\/27523\/revisions"}],"predecessor-version":[{"id":27530,"href":"https:\/\/bisbalpenedes.com\/web\/wp-json\/wp\/v2\/posts\/27523\/revisions\/27530"}],"wp:featuredmedia":[{"embeddable":true,"href":"https:\/\/bisbalpenedes.com\/web\/wp-json\/wp\/v2\/media\/27524"}],"wp:attachment":[{"href":"https:\/\/bisbalpenedes.com\/web\/wp-json\/wp\/v2\/media?parent=27523"}],"wp:term":[{"taxonomy":"category","embeddable":true,"href":"https:\/\/bisbalpenedes.com\/web\/wp-json\/wp\/v2\/categories?post=27523"},{"taxonomy":"post_tag","embeddable":true,"href":"https:\/\/bisbalpenedes.com\/web\/wp-json\/wp\/v2\/tags?post=27523"}],"curies":[{"name":"wp","href":"https:\/\/api.w.org\/{rel}","templated":true}]}}