{"id":27504,"date":"2023-09-12T16:12:28","date_gmt":"2023-09-12T14:12:28","guid":{"rendered":"https:\/\/bisbalpenedes.com\/web\/?p=27504"},"modified":"2023-09-12T16:12:28","modified_gmt":"2023-09-12T14:12:28","slug":"el-divendres-22-de-setembre-celebrarem-la-cloenda-del-centenari-de-lescola-de-la-bisbal-del-penedes","status":"publish","type":"post","link":"https:\/\/bisbalpenedes.com\/web\/2023\/09\/12\/el-divendres-22-de-setembre-celebrarem-la-cloenda-del-centenari-de-lescola-de-la-bisbal-del-penedes\/","title":{"rendered":"El divendres 22 de setembre celebrarem la cloenda del centenari de l&#8217;escola de la Bisbal del Pened\u00e8s"},"content":{"rendered":"\n<figure class=\"wp-block-embed is-type-video is-provider-youtube wp-block-embed-youtube wp-embed-aspect-16-9 wp-has-aspect-ratio\"><div class=\"wp-block-embed__wrapper\">\n<iframe loading=\"lazy\" title=\"CAT ROCK - Festa i gresca de casa nostra - Versions de rock catal\u00e0\" width=\"1170\" height=\"658\" src=\"https:\/\/www.youtube.com\/embed\/Df8bePStTg4?start=2&#038;feature=oembed\" frameborder=\"0\" allow=\"accelerometer; autoplay; clipboard-write; encrypted-media; gyroscope; picture-in-picture; web-share\" allowfullscreen><\/iframe>\n<\/div><\/figure>\n\n\n\n<p>Tic-tac, tic-tac! S\u2019apropa un gran dia! Aviat gaudirem de la cloenda del centenari de l\u2019escola de la Bisbal i d\u2019una tarda de retrobaments amb m\u00e9s de 80 mestres de l\u2019escola.\u00a0<\/p>\n\n\n\n<p>A m\u00e9s, el mateix dia entregarem els premis al m\u00e8rit escolar 2022\/2023 i gaudirem d\u2019un piscolabis i de l\u2019actuaci\u00f3 del grup Cat Rock.<\/p>\n\n\n\n<p>Reserva la tarda del divendres 22 de setembre i vine a gaudir d\u2019una vetllada inoblidable!<\/p>\n\n\n\n<hr class=\"wp-block-separator has-alpha-channel-opacity\"\/>\n\n\n\n<p><strong>CASTELLANO |\u00a0<\/strong>\u00a1Tictac, tictac! \u00a1Se acerca un gran d\u00eda! Pronto disfrutaremos de la clausura del centenario de la escuela de la Bisbal y de una tarde de reencuentros con m\u00e1s de 80 maestros de la escuela.<\/p>\n\n\n\n<p>Adem\u00e1s, el mismo d\u00eda entregaremos los premios al m\u00e9rito escolar 2022\/23 y disfrutaremos de un piscolabis y de la actuaci\u00f3n del grupo Cat Rock.<\/p>\n\n\n\n<p>\u00a1Reserva la tarde del viernes 22 de septiembre y ven a disfrutar de una velada inolvidable!<\/p>\n\n\n\n<p><\/p>\n\n\n\n<p><\/p>\n","protected":false},"excerpt":{"rendered":"<p>Tic-tac, tic-tac! S\u2019apropa un gran dia! Aviat gaudirem de la cloenda del centenari de l\u2019escola de la Bisbal i d\u2019una tarda de retrobaments amb m\u00e9s de 80 mestres de l\u2019escola.\u00a0 &hellip; <a href=\"https:\/\/bisbalpenedes.com\/web\/2023\/09\/12\/el-divendres-22-de-setembre-celebrarem-la-cloenda-del-centenari-de-lescola-de-la-bisbal-del-penedes\/\" class=\"more-link\">Read More<\/a><\/p>\n","protected":false},"author":4,"featured_media":27506,"comment_status":"closed","ping_status":"closed","sticky":false,"template":"","format":"standard","meta":[],"categories":[3456,8],"tags":[4208,593,251,6208,337,393],"_links":{"self":[{"href":"https:\/\/bisbalpenedes.com\/web\/wp-json\/wp\/v2\/posts\/27504"}],"collection":[{"href":"https:\/\/bisbalpenedes.com\/web\/wp-json\/wp\/v2\/posts"}],"about":[{"href":"https:\/\/bisbalpenedes.com\/web\/wp-json\/wp\/v2\/types\/post"}],"author":[{"embeddable":true,"href":"https:\/\/bisbalpenedes.com\/web\/wp-json\/wp\/v2\/users\/4"}],"replies":[{"embeddable":true,"href":"https:\/\/bisbalpenedes.com\/web\/wp-json\/wp\/v2\/comments?post=27504"}],"version-history":[{"count":2,"href":"https:\/\/bisbalpenedes.com\/web\/wp-json\/wp\/v2\/posts\/27504\/revisions"}],"predecessor-version":[{"id":27507,"href":"https:\/\/bisbalpenedes.com\/web\/wp-json\/wp\/v2\/posts\/27504\/revisions\/27507"}],"wp:featuredmedia":[{"embeddable":true,"href":"https:\/\/bisbalpenedes.com\/web\/wp-json\/wp\/v2\/media\/27506"}],"wp:attachment":[{"href":"https:\/\/bisbalpenedes.com\/web\/wp-json\/wp\/v2\/media?parent=27504"}],"wp:term":[{"taxonomy":"category","embeddable":true,"href":"https:\/\/bisbalpenedes.com\/web\/wp-json\/wp\/v2\/categories?post=27504"},{"taxonomy":"post_tag","embeddable":true,"href":"https:\/\/bisbalpenedes.com\/web\/wp-json\/wp\/v2\/tags?post=27504"}],"curies":[{"name":"wp","href":"https:\/\/api.w.org\/{rel}","templated":true}]}}