{"id":27488,"date":"2023-09-12T08:25:25","date_gmt":"2023-09-12T06:25:25","guid":{"rendered":"https:\/\/bisbalpenedes.com\/web\/?p=27488"},"modified":"2023-09-12T08:25:31","modified_gmt":"2023-09-12T06:25:31","slug":"els-veins-i-veines-de-la-pineda-de-santa-cristina-votaran-els-pressupostos-participatius-el-diumenge-17-per-la-tarda","status":"publish","type":"post","link":"https:\/\/bisbalpenedes.com\/web\/2023\/09\/12\/els-veins-i-veines-de-la-pineda-de-santa-cristina-votaran-els-pressupostos-participatius-el-diumenge-17-per-la-tarda\/","title":{"rendered":"Els ve\u00efns i ve\u00efnes de la Pineda de Santa Cristina votaran els Pressupostos Participatius el diumenge 17 a la tarda"},"content":{"rendered":"\n<p>El proper diumenge 17 de setembre, de 17h a 18h, podreu votar als Pressupostos Participatius al carrer Bages.<\/p>\n\n\n\n<p>Els ve\u00efns que no pugueu venir a votar el diumenge, podreu votar a l\u2019Ajuntament del 18 al 22 de setembre.<\/p>\n\n\n\n<p>Trobareu els papers per votar en cada punt de votaci\u00f3. Cada habitatge -sigueu ve\u00efns empadronats o no- podr\u00e0 emetre un vot.<\/p>\n\n\n\n<p>El recompte de vots es far\u00e0 quan s\u2019acabi l\u2019horari de votacions i es gravar\u00e0 per publicar-lo a les xarxes socials. Val a dir que, tot i que es faci aquest recompte, encara pot variar amb els vots que els ve\u00efns o ve\u00efnes puguin adre\u00e7ar directament a l\u2019Ajuntament, en cas de no poder venir a votar el dia en qu\u00e8 es faci al seu barri.<\/p>\n\n\n\n<p>Aquestes s\u00f3n les propostes que es podran votar a la Pineda de Santa Cristina:<\/p>\n\n\n\n<ul><li>Formigonar part del carrer de pujada a l\u2019ermita<\/li><li>Formigonar part del carrer Baix Camp, del n\u00fam. 4 al 10<\/li><li>Formigonar part carrer Vall\u00e8s, del n\u00fam. 9 al 19<\/li><li>Formigonar part del carrer Segri\u00e0, del n\u00fam. 9 al 17<\/li><li>Formigonar part del carrer Garrotxa, del n\u00fam. 2 al 16<\/li><li>Formigonar part carrer Baix Pened\u00e8s, del n\u00fam. 27 al 35<\/li><li>Formigonar part carrer Anoia, del n\u00fam. 15 al 23<\/li><li>Formigonar part del carrer Montsi\u00e0, del n\u00fam. 83 al 91<\/li><\/ul>\n\n\n\n<hr class=\"wp-block-separator has-alpha-channel-opacity\"\/>\n\n\n\n<p><strong>CASTELLANO |<\/strong> El pr\u00f3ximo Domingo 17 de septiembre, de 17h a 18h, podr\u00e9is votar los Presupuestos Participativos en la calle Bages.<\/p>\n\n\n\n<p>Los vecinos que no pod\u00e1is venir a votar el domingo, podr\u00e9is votar en el Ayuntamiento del 18 al 22 de septiembre.<\/p>\n\n\n\n<p>Encontrar\u00e9is los papeles para votar en cada punto de votaci\u00f3n. Cada vivienda -se\u00e1is vecinos empadronados o no-, podr\u00e1 emitir un voto.<\/p>\n\n\n\n<p>El recuento de votos se har\u00e1 cuando se termine el horario de votaciones y se grabar\u00e1 para publicarlo en las redes sociales. Cabe decir que, aunque se haga este recuento, todav\u00eda puede variar con los votos que los vecinos o vecinas puedan dirigir directamente al Ayuntamiento, en caso de no poder venir a votar el d\u00eda en el que se haga en su barrio.<\/p>\n\n\n\n<p>Estas son las propuestas que se podr\u00e1n votar en la Pineda de Santa Cristina.<\/p>\n\n\n\n<ul><li>Hormigonar parte de la subida a la ermita<\/li><li>Hormigonar parte de la calle Baix Camp, del n\u00fam. 4 al 10<\/li><li>Hormigonar parte de la calle Vall\u00e8s, del n\u00fam. 9 al 19<\/li><li>Hormigonar parte de la calle Segri\u00e0, del n\u00fam. 9 al 17<\/li><li>Hormigonar parte de la calle Garrotxa, del n\u00fam. 2 al 16<\/li><li>Hormigonar parte de la calle Baix Pened\u00e8s, del n\u00fam. 27 al 35<\/li><li>Hormigonar parte de la calle Anoia, del n\u00fam. 15 al 23<\/li><li>Hormigonar parte de la calle Montsi\u00e0, del n\u00fam. 83 al 91<\/li><\/ul>\n","protected":false},"excerpt":{"rendered":"<p>El proper diumenge 17 de setembre, de 17h a 18h, podreu votar als Pressupostos Participatius al carrer Bages. Els ve\u00efns que no pugueu venir a votar el diumenge, podreu votar &hellip; <a href=\"https:\/\/bisbalpenedes.com\/web\/2023\/09\/12\/els-veins-i-veines-de-la-pineda-de-santa-cristina-votaran-els-pressupostos-participatius-el-diumenge-17-per-la-tarda\/\" class=\"more-link\">Read More<\/a><\/p>\n","protected":false},"author":4,"featured_media":27489,"comment_status":"closed","ping_status":"closed","sticky":false,"template":"","format":"standard","meta":[],"categories":[8,6193],"tags":[459,393,568,1374,1048],"_links":{"self":[{"href":"https:\/\/bisbalpenedes.com\/web\/wp-json\/wp\/v2\/posts\/27488"}],"collection":[{"href":"https:\/\/bisbalpenedes.com\/web\/wp-json\/wp\/v2\/posts"}],"about":[{"href":"https:\/\/bisbalpenedes.com\/web\/wp-json\/wp\/v2\/types\/post"}],"author":[{"embeddable":true,"href":"https:\/\/bisbalpenedes.com\/web\/wp-json\/wp\/v2\/users\/4"}],"replies":[{"embeddable":true,"href":"https:\/\/bisbalpenedes.com\/web\/wp-json\/wp\/v2\/comments?post=27488"}],"version-history":[{"count":2,"href":"https:\/\/bisbalpenedes.com\/web\/wp-json\/wp\/v2\/posts\/27488\/revisions"}],"predecessor-version":[{"id":27491,"href":"https:\/\/bisbalpenedes.com\/web\/wp-json\/wp\/v2\/posts\/27488\/revisions\/27491"}],"wp:featuredmedia":[{"embeddable":true,"href":"https:\/\/bisbalpenedes.com\/web\/wp-json\/wp\/v2\/media\/27489"}],"wp:attachment":[{"href":"https:\/\/bisbalpenedes.com\/web\/wp-json\/wp\/v2\/media?parent=27488"}],"wp:term":[{"taxonomy":"category","embeddable":true,"href":"https:\/\/bisbalpenedes.com\/web\/wp-json\/wp\/v2\/categories?post=27488"},{"taxonomy":"post_tag","embeddable":true,"href":"https:\/\/bisbalpenedes.com\/web\/wp-json\/wp\/v2\/tags?post=27488"}],"curies":[{"name":"wp","href":"https:\/\/api.w.org\/{rel}","templated":true}]}}