{"id":27479,"date":"2023-09-12T08:04:32","date_gmt":"2023-09-12T06:04:32","guid":{"rendered":"https:\/\/bisbalpenedes.com\/web\/?p=27479"},"modified":"2023-09-12T08:04:32","modified_gmt":"2023-09-12T06:04:32","slug":"els-veins-i-veines-del-priorat-votaran-els-pressupostos-participatius-el-dissabte-16-de-setembre-a-la-tarda","status":"publish","type":"post","link":"https:\/\/bisbalpenedes.com\/web\/2023\/09\/12\/els-veins-i-veines-del-priorat-votaran-els-pressupostos-participatius-el-dissabte-16-de-setembre-a-la-tarda\/","title":{"rendered":"<strong>Els ve\u00efns i ve\u00efnes del Priorat votaran els Pressupostos Participatius el dissabte 16 de setembre a la tarda<\/strong>"},"content":{"rendered":"\n<p>El proper dissabte 16 de setembre, de 18h a 20h, podreu votar als Pressupostos Participatius al local social del Priorat.<\/p>\n\n\n\n<p>Els ve\u00efns que no pugueu venir a votar al local social podreu votar a l\u2019Ajuntament del 18 al 22 de setembre.<\/p>\n\n\n\n<p>Trobareu els papers per votar en cada punt de votaci\u00f3 i cada habitatge -sigueu ve\u00efns empadronats o no- podr\u00e0 emetre un vot.<\/p>\n\n\n\n<p>El recompte de vots es far\u00e0 quan s\u2019acabi l\u2019horari de votacions i es gravar\u00e0 per publicar-lo a les xarxes socials. Val a dir que, tot i que es faci aquest recompte, encara pot variar amb els vots que els ve\u00efns o ve\u00efnes puguin adre\u00e7ar directament a l\u2019Ajuntament, en cas de no poder venir a votar el dia en qu\u00e8 es faci al seu barri.<\/p>\n\n\n\n<p>Aquestes s\u00f3n les propostes que es podran votar al Priorat:<\/p>\n\n\n\n<ul><li>Cistelles de b\u00e0squet a la pista del local social<\/li><li>Punt rec\u00e0rrega per cotxe el\u00e8ctric o h\u00edbrid endollable, a l\u2019exterior del local social<\/li><li>Desfibril\u00b7lador DEA i formaci\u00f3 per la seva utilitzaci\u00f3<\/li><li>Aparells de cal\u00b7list\u00e8nia al parc de l\u2019<em>extra<\/em> del Priorat<\/li><li>Aparells per a <em>agility <\/em>de gossos a l\u2019<em>extra <\/em>del Priorat<\/li><\/ul>\n\n\n\n<hr class=\"wp-block-separator has-alpha-channel-opacity\"\/>\n\n\n\n<p><strong>CASTELLANO |<\/strong> El pr\u00f3ximo s\u00e1bado 16 de septiembre, de 18 a 20h, podr\u00e9is votar los Presupuestos Participativos en el local social del Priorat.<\/p>\n\n\n\n<p>Los vecinos que no pod\u00e1is venir a votar al local social podr\u00e9is votar en el Ayuntamiento del 18 al 22 de septiembre.<\/p>\n\n\n\n<p>Encontrar\u00e9is los papeles para votar en cada punto de votaci\u00f3n y cada vivienda -se\u00e1is vecinos empadronados o no- podr\u00e1 emitir un voto.<\/p>\n\n\n\n<p>El recuento de votos se har\u00e1 cuando se termine el horario de votaciones y se grabar\u00e1 para publicarlo en las redes sociales. Cabe decir que, aunque se haga este recuento, todav\u00eda puede variar con los votos que los vecinos o vecinas puedan dirigir directamente al Ayuntamiento, en caso de no poder venir a votar el d\u00eda en el que se haga en su barrio.<\/p>\n\n\n\n<p>Estas son las propuestas que se podr\u00e1n votar en el Priorat:<\/p>\n\n\n\n<ul><li>Canastas de baloncesto en la pista del local social<\/li><li>Punto de recarga para coche el\u00e9ctrico o h\u00edbrido enchufable en el exterior del local social<\/li><li>Desfibrilador DEA y formaci\u00f3n para su utilizaci\u00f3n<\/li><li>Aparatos de calistenia en el parque de la <em>extra<\/em> del Priorat<\/li><li>Aparatos de <em>Agility<\/em> para perros en la <em>extra<\/em> del Priorat<\/li><\/ul>\n","protected":false},"excerpt":{"rendered":"<p>El proper dissabte 16 de setembre, de 18h a 20h, podreu votar als Pressupostos Participatius al local social del Priorat. Els ve\u00efns que no pugueu venir a votar al local &hellip; <a href=\"https:\/\/bisbalpenedes.com\/web\/2023\/09\/12\/els-veins-i-veines-del-priorat-votaran-els-pressupostos-participatius-el-dissabte-16-de-setembre-a-la-tarda\/\" class=\"more-link\">Read More<\/a><\/p>\n","protected":false},"author":4,"featured_media":27480,"comment_status":"closed","ping_status":"closed","sticky":false,"template":"","format":"standard","meta":[],"categories":[8,6193],"tags":[459,393,1374,1048,520],"_links":{"self":[{"href":"https:\/\/bisbalpenedes.com\/web\/wp-json\/wp\/v2\/posts\/27479"}],"collection":[{"href":"https:\/\/bisbalpenedes.com\/web\/wp-json\/wp\/v2\/posts"}],"about":[{"href":"https:\/\/bisbalpenedes.com\/web\/wp-json\/wp\/v2\/types\/post"}],"author":[{"embeddable":true,"href":"https:\/\/bisbalpenedes.com\/web\/wp-json\/wp\/v2\/users\/4"}],"replies":[{"embeddable":true,"href":"https:\/\/bisbalpenedes.com\/web\/wp-json\/wp\/v2\/comments?post=27479"}],"version-history":[{"count":1,"href":"https:\/\/bisbalpenedes.com\/web\/wp-json\/wp\/v2\/posts\/27479\/revisions"}],"predecessor-version":[{"id":27481,"href":"https:\/\/bisbalpenedes.com\/web\/wp-json\/wp\/v2\/posts\/27479\/revisions\/27481"}],"wp:featuredmedia":[{"embeddable":true,"href":"https:\/\/bisbalpenedes.com\/web\/wp-json\/wp\/v2\/media\/27480"}],"wp:attachment":[{"href":"https:\/\/bisbalpenedes.com\/web\/wp-json\/wp\/v2\/media?parent=27479"}],"wp:term":[{"taxonomy":"category","embeddable":true,"href":"https:\/\/bisbalpenedes.com\/web\/wp-json\/wp\/v2\/categories?post=27479"},{"taxonomy":"post_tag","embeddable":true,"href":"https:\/\/bisbalpenedes.com\/web\/wp-json\/wp\/v2\/tags?post=27479"}],"curies":[{"name":"wp","href":"https:\/\/api.w.org\/{rel}","templated":true}]}}