{"id":27476,"date":"2023-09-12T07:48:40","date_gmt":"2023-09-12T05:48:40","guid":{"rendered":"https:\/\/bisbalpenedes.com\/web\/?p=27476"},"modified":"2023-09-12T07:48:40","modified_gmt":"2023-09-12T05:48:40","slug":"els-veins-i-veines-de-lesplai-i-la-masieta-votaran-els-pressupostos-participatius-el-dissabte-16-de-setembre-al-migdia","status":"publish","type":"post","link":"https:\/\/bisbalpenedes.com\/web\/2023\/09\/12\/els-veins-i-veines-de-lesplai-i-la-masieta-votaran-els-pressupostos-participatius-el-dissabte-16-de-setembre-al-migdia\/","title":{"rendered":"<strong>Els ve\u00efns i ve\u00efnes de l\u2019Esplai i la Masieta votaran els Pressupostos Participatius el dissabte 16 de setembre al migdia<\/strong>"},"content":{"rendered":"\n<p>El proper dissabte 16 de setembre, de 12:30h a 14:00h, els ve\u00efns i ve\u00efnes de l\u2019Esplai i la Masieta podreu votar els Pressupostos Participatius al local social de l\u2019Esplai.<\/p>\n\n\n\n<p>Els que no pugueu venir a votar al local social podreu votar a l\u2019Ajuntament del 18 al 22 de setembre.<\/p>\n\n\n\n<p>Trobareu els papers per votar en cada punt de votaci\u00f3 i, cada habitatge -sigueu ve\u00efns empadronats o no-, podr\u00e0 emetre un vot.<\/p>\n\n\n\n<p>El recompte de vots es far\u00e0 quan s\u2019acabi l\u2019horari de votacions i es gravar\u00e0 per publicar-lo a les xarxes socials. Val a dir que, tot i que es faci aquest recompte, encara pot variar amb els vots que els ve\u00efns o ve\u00efnes puguin adre\u00e7ar directament a l\u2019Ajuntament, en cas de no poder venir a votar el dia en qu\u00e8 es faci al seu barri.<\/p>\n\n\n\n<p><span style=\"text-decoration: underline;\">Aquestes s\u00f3n les propostes que es podran votar per l\u2019Esplai:<\/span><\/p>\n\n\n\n<ul><li>Aparells de cal\u00b7list\u00e8nia per joves a l\u2019exterior del local social de l\u2019Esplai<\/li><li>Desfibril\u00b7lador DEA i formaci\u00f3 per la seva utilitzaci\u00f3<\/li><li>Aparells de gimn\u00e0stica d\u2019exterior al local social de l\u2019Esplai<\/li><\/ul>\n\n\n\n<p><span style=\"text-decoration: underline;\">Aquestes s\u00f3n les propostes que es podran votar per la Masieta:<\/span><\/p>\n\n\n\n<ul><li>Formigonar part del carrer Avet<\/li><li>Formigonar part del carrer Palmera amb Figuera<\/li><li>Formigonar una part del carrer Eucaliptus fins Al carrer Avet<\/li><li>Formigonar la part que falta del carrer Olivera<\/li><\/ul>\n\n\n\n<hr class=\"wp-block-separator has-alpha-channel-opacity\"\/>\n\n\n\n<p><strong>CASTELLANO |<\/strong> El pr\u00f3ximo s\u00e1bado 16 de septiembre de 12:30h a 14:00h, los vecinos y las vecinas de l\u2019Esplai y la Masieta podr\u00e9is votar los Presupuestos Participativos en el local social de l\u2019Esplai.<\/p>\n\n\n\n<p>Los que no pod\u00e1is venir a votar al local social podr\u00e9is votar en el Ayuntamiento del 18 al 22 de septiembre.<\/p>\n\n\n\n<p>Encontrar\u00e9is los papeles para votar en cada punto de votaci\u00f3n y, cada vivienda -se\u00e1is empadronados o no-, podr\u00e1 emitir un voto.<\/p>\n\n\n\n<p>El recuento de votos se har\u00e1 cuando se termine el horario de votaciones y se grabar\u00e1 para publicarlo en las redes sociales. Cabe decir que, aunque se haga este recuento, todav\u00eda puede variar con los votos que los vecinos o vecinas puedan dirigir directamente al Ayuntamiento, en caso de no poder venir a votar el d\u00eda en el que se haga en su barrio.<\/p>\n\n\n\n<p><span style=\"text-decoration: underline;\">Estas son las propuestas que se podr\u00e1n votar para l\u2019Esplai<\/span>:<\/p>\n\n\n\n<ul><li>Aparatos de calistenia para j\u00f3venes en el exterior del local social de l\u2019Esplai<\/li><li>Desfibrilador DEA y formaci\u00f3n para su utilizaci\u00f3n<\/li><li>Aparatos de gimnasia exterior en el local social de l\u2019Esplai<\/li><\/ul>\n\n\n\n<p><span style=\"text-decoration: underline;\">Estas son las propuestas que se podr\u00e1n votar en la Masieta:<\/span><\/p>\n\n\n\n<ul><li>Hormigonar parte de la calle Avet<\/li><li>Hormigonar parte de la calle Palmera con Figuera<\/li><li>Hormigonar una parte de la calle Eucaliptus hasta la calle Avet<\/li><li>Hormigonar la parte que falta de la calle Olivera<\/li><\/ul>\n","protected":false},"excerpt":{"rendered":"<p>El proper dissabte 16 de setembre, de 12:30h a 14:00h, els ve\u00efns i ve\u00efnes de l\u2019Esplai i la Masieta podreu votar els Pressupostos Participatius al local social de l\u2019Esplai. Els &hellip; <a href=\"https:\/\/bisbalpenedes.com\/web\/2023\/09\/12\/els-veins-i-veines-de-lesplai-i-la-masieta-votaran-els-pressupostos-participatius-el-dissabte-16-de-setembre-al-migdia\/\" class=\"more-link\">Read More<\/a><\/p>\n","protected":false},"author":4,"featured_media":27477,"comment_status":"closed","ping_status":"closed","sticky":false,"template":"","format":"standard","meta":[],"categories":[8,6193],"tags":[],"_links":{"self":[{"href":"https:\/\/bisbalpenedes.com\/web\/wp-json\/wp\/v2\/posts\/27476"}],"collection":[{"href":"https:\/\/bisbalpenedes.com\/web\/wp-json\/wp\/v2\/posts"}],"about":[{"href":"https:\/\/bisbalpenedes.com\/web\/wp-json\/wp\/v2\/types\/post"}],"author":[{"embeddable":true,"href":"https:\/\/bisbalpenedes.com\/web\/wp-json\/wp\/v2\/users\/4"}],"replies":[{"embeddable":true,"href":"https:\/\/bisbalpenedes.com\/web\/wp-json\/wp\/v2\/comments?post=27476"}],"version-history":[{"count":1,"href":"https:\/\/bisbalpenedes.com\/web\/wp-json\/wp\/v2\/posts\/27476\/revisions"}],"predecessor-version":[{"id":27478,"href":"https:\/\/bisbalpenedes.com\/web\/wp-json\/wp\/v2\/posts\/27476\/revisions\/27478"}],"wp:featuredmedia":[{"embeddable":true,"href":"https:\/\/bisbalpenedes.com\/web\/wp-json\/wp\/v2\/media\/27477"}],"wp:attachment":[{"href":"https:\/\/bisbalpenedes.com\/web\/wp-json\/wp\/v2\/media?parent=27476"}],"wp:term":[{"taxonomy":"category","embeddable":true,"href":"https:\/\/bisbalpenedes.com\/web\/wp-json\/wp\/v2\/categories?post=27476"},{"taxonomy":"post_tag","embeddable":true,"href":"https:\/\/bisbalpenedes.com\/web\/wp-json\/wp\/v2\/tags?post=27476"}],"curies":[{"name":"wp","href":"https:\/\/api.w.org\/{rel}","templated":true}]}}