{"id":27473,"date":"2023-09-12T07:26:03","date_gmt":"2023-09-12T05:26:03","guid":{"rendered":"https:\/\/bisbalpenedes.com\/web\/?p=27473"},"modified":"2023-09-12T07:26:03","modified_gmt":"2023-09-12T05:26:03","slug":"els-veins-i-veines-de-can-gordei-votaran-els-pressupostos-participatius-el-dissabte-16-de-setembre-al-mati","status":"publish","type":"post","link":"https:\/\/bisbalpenedes.com\/web\/2023\/09\/12\/els-veins-i-veines-de-can-gordei-votaran-els-pressupostos-participatius-el-dissabte-16-de-setembre-al-mati\/","title":{"rendered":"Els ve\u00efns i ve\u00efnes de Can Gordei votaran els Pressupostos Participatius el dissabte 16 de setembre al mat\u00ed"},"content":{"rendered":"\n<p>El proper dissabte 16 de setembre de 10 a 12h podreu votar els Pressupostos Participatius al local social de Can Gordei.<\/p>\n\n\n\n<p>Els que no pugueu venir a votar al local social, podreu votar a l\u2019Ajuntament, del 18 al 22 de setembre.<\/p>\n\n\n\n<p>Trobareu els papers per votar en cada punt de votaci\u00f3 i, cada habitatge -sigueu ve\u00efns empadronats o no-, podr\u00e0 emetre un vot.<\/p>\n\n\n\n<p>El recompte de vots es far\u00e0 quan s\u2019acabi l\u2019horari de votacions i es gravar\u00e0 per publicar-lo a les xarxes socials. Val a dir que, tot i que es faci aquest recompte, encara pot variar amb els vots que els ve\u00efns o ve\u00efnes puguin adre\u00e7ar directament a l\u2019Ajuntament.<\/p>\n\n\n\n<p>Aquestes s\u00f3n les propostes que es podran votar a Can Gordei:<\/p>\n\n\n\n<ul><li>Desfibril\u00b7lador DEA i formaci\u00f3 per la seva utilitzaci\u00f3<\/li><li>Punt de rec\u00e0rrega per cotxes el\u00e8ctrics i h\u00edbrids endollables<\/li><li>Aparells de cal\u00b7list\u00e8nia per joves al parc del carrer Cardener<\/li><li>Parc infantil al parc del carrer Cardener<\/li><li>Barbacoes i taules de p\u00edcnic a l\u2019exterior del local social<\/li><\/ul>\n\n\n\n<hr class=\"wp-block-separator has-alpha-channel-opacity\"\/>\n\n\n\n<p><strong>CASTELLANO |<\/strong> El pr\u00f3ximo s\u00e1bado 16 de septiembre, de 10 a 12h, podr\u00e9is votar los Presupuestos Participativos en el local social de Can Gordei.<\/p>\n\n\n\n<p>Los que no pod\u00e1is venir a votar al local social, podr\u00e9is votar en el Ayuntamiento, del 18 al 22 de septiembre.<\/p>\n\n\n\n<p>Encontrar\u00e9is los papeles para votar en cada punto de votaci\u00f3n y, cada vivienda -se\u00e1is vecinos empadronados o no-, podr\u00e1 emitir un voto.<\/p>\n\n\n\n<p>El recuento de votos se har\u00e1 cuando se termine el horario de votaciones y se grabar\u00e1 para publicarlo en las redes sociales. Cabe decir que, aunque ese haga este recuento, todav\u00eda puede variar con los votos que los vecinos o vecinas puedan dirigir directamente al Ayuntamiento.<\/p>\n\n\n\n<p>Estas son las propuestas que se podr\u00e1n votar en Can Gordei:<\/p>\n\n\n\n<ul><li>Desfibrilador DEA y formaci\u00f3n para su utilizaci\u00f3n<\/li><li>Punto de recarga para coches el\u00e9ctricos e h\u00edbridos enchufables<\/li><li>Aparatos de calistenia para j\u00f3venes en el parque de la calle Cardener<\/li><li>Parque infantil en el parque de la calle Cardener<\/li><li>Barbacoas y mesas de p\u00edcnic en el exterior del local social<\/li><\/ul>\n","protected":false},"excerpt":{"rendered":"<p>El proper dissabte 16 de setembre de 10 a 12h podreu votar els Pressupostos Participatius al local social de Can Gordei. Els que no pugueu venir a votar al local &hellip; <a href=\"https:\/\/bisbalpenedes.com\/web\/2023\/09\/12\/els-veins-i-veines-de-can-gordei-votaran-els-pressupostos-participatius-el-dissabte-16-de-setembre-al-mati\/\" class=\"more-link\">Read More<\/a><\/p>\n","protected":false},"author":4,"featured_media":27474,"comment_status":"closed","ping_status":"closed","sticky":false,"template":"","format":"standard","meta":[],"categories":[1047,8,6193],"tags":[459,198,393,1048],"_links":{"self":[{"href":"https:\/\/bisbalpenedes.com\/web\/wp-json\/wp\/v2\/posts\/27473"}],"collection":[{"href":"https:\/\/bisbalpenedes.com\/web\/wp-json\/wp\/v2\/posts"}],"about":[{"href":"https:\/\/bisbalpenedes.com\/web\/wp-json\/wp\/v2\/types\/post"}],"author":[{"embeddable":true,"href":"https:\/\/bisbalpenedes.com\/web\/wp-json\/wp\/v2\/users\/4"}],"replies":[{"embeddable":true,"href":"https:\/\/bisbalpenedes.com\/web\/wp-json\/wp\/v2\/comments?post=27473"}],"version-history":[{"count":1,"href":"https:\/\/bisbalpenedes.com\/web\/wp-json\/wp\/v2\/posts\/27473\/revisions"}],"predecessor-version":[{"id":27475,"href":"https:\/\/bisbalpenedes.com\/web\/wp-json\/wp\/v2\/posts\/27473\/revisions\/27475"}],"wp:featuredmedia":[{"embeddable":true,"href":"https:\/\/bisbalpenedes.com\/web\/wp-json\/wp\/v2\/media\/27474"}],"wp:attachment":[{"href":"https:\/\/bisbalpenedes.com\/web\/wp-json\/wp\/v2\/media?parent=27473"}],"wp:term":[{"taxonomy":"category","embeddable":true,"href":"https:\/\/bisbalpenedes.com\/web\/wp-json\/wp\/v2\/categories?post=27473"},{"taxonomy":"post_tag","embeddable":true,"href":"https:\/\/bisbalpenedes.com\/web\/wp-json\/wp\/v2\/tags?post=27473"}],"curies":[{"name":"wp","href":"https:\/\/api.w.org\/{rel}","templated":true}]}}