{"id":2747,"date":"2017-07-05T01:00:48","date_gmt":"2017-07-04T19:00:48","guid":{"rendered":"http:\/\/bisbalpenedes.com\/web\/?p=2747"},"modified":"2017-07-05T02:48:59","modified_gmt":"2017-07-04T20:48:59","slug":"nova-exposicio-a-la-biblioteca-de-la-bisbal-sobre-la-figura-de-josep-palau-i-fabre","status":"publish","type":"post","link":"https:\/\/bisbalpenedes.com\/web\/2017\/07\/05\/nova-exposicio-a-la-biblioteca-de-la-bisbal-sobre-la-figura-de-josep-palau-i-fabre\/","title":{"rendered":"Nova exposici\u00f3 a la Biblioteca de La Bisbal sobre la figura de Josep Palau i Fabre"},"content":{"rendered":"<p>Aquest dimarts 4 de juliol la Regidoria de Cultura ha obert una nova exposici\u00f3 al <em>hall<\/em> de la Biblioteca (CMC). Es tracta d&#8217;una mostra itinerant titulada &#8220;Josep Palau i Fabre. L&#8217;home \u00e9s un animal que es busca&#8221;. La podreu visitar fins al dimecres 12 de juliol.<\/p>\n<div><a href=\"http:\/\/bisbalpenedes.com\/web\/wp-content\/uploads\/2017\/07\/EXPO-PALAU-FABRA-17-A.jpg\"><img loading=\"lazy\" class=\"aligncenter size-medium wp-image-2748\" title=\"EXPO-PALAU-FABRA-17-A\" src=\"http:\/\/bisbalpenedes.com\/web\/wp-content\/uploads\/2017\/07\/EXPO-PALAU-FABRA-17-A-212x300.jpg\" alt=\"\" width=\"212\" height=\"300\" srcset=\"https:\/\/bisbalpenedes.com\/web\/wp-content\/uploads\/2017\/07\/EXPO-PALAU-FABRA-17-A-212x300.jpg 212w, https:\/\/bisbalpenedes.com\/web\/wp-content\/uploads\/2017\/07\/EXPO-PALAU-FABRA-17-A-600x849.jpg 600w, https:\/\/bisbalpenedes.com\/web\/wp-content\/uploads\/2017\/07\/EXPO-PALAU-FABRA-17-A-723x1024.jpg 723w, https:\/\/bisbalpenedes.com\/web\/wp-content\/uploads\/2017\/07\/EXPO-PALAU-FABRA-17-A.jpg 1169w\" sizes=\"(max-width: 212px) 100vw, 212px\" \/><\/a><\/div>\n<div><\/div>\n<div>L&#8217;any 2017 es compleixen cent anys del naixement de Josep Palau i Fabre i la Generalitat de Catalunya ha nomenat el 2017 Any Palau i Fabre amb motiu de l&#8217;efem\u00e8ride. En el marc dels actes de l&#8217;homenatge a l&#8217;autor, la Instituci\u00f3 de les Lletres Catalanes ha creat una mostra en petit format amb finalitat divulgativa que fa un recorregut per la traject\u00f2ria vital de l&#8217;autor, Josep Palau i Fabre (1917-2008) en l&#8217;any del seu centenari. Es tracta doncs de presentar al p\u00fablic un poeta rom\u00e0ntic, un escriptor rebel, que trenca amb la fam\u00edlia i la societat per fer realitat les seves aspiracions i els seus ideals. Un escriptor que parla dels grans temes universals: passi\u00f3 i instint, ra\u00f3 i creaci\u00f3, amor i llibertat.<\/div>\n<div><\/div>\n","protected":false},"excerpt":{"rendered":"<p>Aquest dimarts 4 de juliol la Regidoria de Cultura ha obert una nova exposici\u00f3 al hall de la Biblioteca (CMC). Es tracta d&#8217;una mostra itinerant titulada &#8220;Josep Palau i Fabre. &hellip; <a href=\"https:\/\/bisbalpenedes.com\/web\/2017\/07\/05\/nova-exposicio-a-la-biblioteca-de-la-bisbal-sobre-la-figura-de-josep-palau-i-fabre\/\" class=\"more-link\">Read More<\/a><\/p>\n","protected":false},"author":4,"featured_media":2748,"comment_status":"closed","ping_status":"closed","sticky":false,"template":"","format":"standard","meta":[],"categories":[13],"tags":[591,180,593,226,594,86,592,590,595],"_links":{"self":[{"href":"https:\/\/bisbalpenedes.com\/web\/wp-json\/wp\/v2\/posts\/2747"}],"collection":[{"href":"https:\/\/bisbalpenedes.com\/web\/wp-json\/wp\/v2\/posts"}],"about":[{"href":"https:\/\/bisbalpenedes.com\/web\/wp-json\/wp\/v2\/types\/post"}],"author":[{"embeddable":true,"href":"https:\/\/bisbalpenedes.com\/web\/wp-json\/wp\/v2\/users\/4"}],"replies":[{"embeddable":true,"href":"https:\/\/bisbalpenedes.com\/web\/wp-json\/wp\/v2\/comments?post=2747"}],"version-history":[{"count":5,"href":"https:\/\/bisbalpenedes.com\/web\/wp-json\/wp\/v2\/posts\/2747\/revisions"}],"predecessor-version":[{"id":2753,"href":"https:\/\/bisbalpenedes.com\/web\/wp-json\/wp\/v2\/posts\/2747\/revisions\/2753"}],"wp:featuredmedia":[{"embeddable":true,"href":"https:\/\/bisbalpenedes.com\/web\/wp-json\/wp\/v2\/media\/2748"}],"wp:attachment":[{"href":"https:\/\/bisbalpenedes.com\/web\/wp-json\/wp\/v2\/media?parent=2747"}],"wp:term":[{"taxonomy":"category","embeddable":true,"href":"https:\/\/bisbalpenedes.com\/web\/wp-json\/wp\/v2\/categories?post=2747"},{"taxonomy":"post_tag","embeddable":true,"href":"https:\/\/bisbalpenedes.com\/web\/wp-json\/wp\/v2\/tags?post=2747"}],"curies":[{"name":"wp","href":"https:\/\/api.w.org\/{rel}","templated":true}]}}