{"id":27465,"date":"2023-09-08T12:46:58","date_gmt":"2023-09-08T10:46:58","guid":{"rendered":"https:\/\/bisbalpenedes.com\/web\/?p=27465"},"modified":"2023-09-08T12:46:58","modified_gmt":"2023-09-08T10:46:58","slug":"el-proper-dimarts-12-de-setembre-sobrira-la-convocatoria-de-les-subvencions-per-a-ladquisicio-de-llibres-de-text-menjador-escolar-i-transport-escolar-de-lescola-ull-de-vent","status":"publish","type":"post","link":"https:\/\/bisbalpenedes.com\/web\/2023\/09\/08\/el-proper-dimarts-12-de-setembre-sobrira-la-convocatoria-de-les-subvencions-per-a-ladquisicio-de-llibres-de-text-menjador-escolar-i-transport-escolar-de-lescola-ull-de-vent\/","title":{"rendered":"<strong>El proper dimarts 12 de setembre s\u2019obrir\u00e0 la convocat\u00f2ria de les subvencions per a l\u2019adquisici\u00f3 de llibres de text, menjador escolar i transport escolar de l\u2019Escola Ull de Vent (curs 2022-2023)<\/strong>"},"content":{"rendered":"\n<p>El proper dimarts 12 de setembre s\u2019obrir\u00e0 el termini per sol\u00b7licitar les subvencions per a l\u2019adquisici\u00f3 de llibres de text de l\u2019Escola Ull de Vent (mitjan\u00e7ant socialitzaci\u00f3 de llibres), del menjador escolar i del transport escolar (curs 2022-2023).<\/p>\n\n\n\n<p>A l\u2019enlla\u00e7 trobareu tota la informaci\u00f3 sobre aquestes subvencions i com sol\u00b7licitar-les: <a href=\"https:\/\/www.diputaciodetarragona.cat\/ebop\/index.php?op=dwn&amp;tipus=i&amp;data=20230908&amp;anyp=2023&amp;num=07899&amp;v=i\">https:\/\/www.diputaciodetarragona.cat\/ebop\/index.php?op=dwn&amp;tipus=i&amp;data=20230908&amp;anyp=2023&amp;num=07899&amp;v=i<\/a><\/p>\n\n\n\n<p>El termini per presentar les sol\u00b7licituds va del 12 de setembre al 9 d\u2019octubre de 2023 (ambd\u00f3s inclosos).<\/p>\n\n\n\n<p>Per demanar la subvenci\u00f3 heu d\u2019adjuntar:<\/p>\n\n\n\n<ul><li>La documentaci\u00f3 acreditativa de la identitat de les mares, pares o tutors\/es legals i dels\/les alumnes.<\/li><\/ul>\n\n\n\n<ul><li>El llibre de fam\u00edlia.<\/li><li>La declaraci\u00f3 responsable segons el model normalitzat conforme les mares, pares o tutors\/es legals dels\/les alumnes no us trobeu en cap de les circumst\u00e0ncies que impedeixen obtenir la condici\u00f3 de beneficiaris\/\u00e0ries de subvencions p\u00fabliques, establertes en l\u2019article 13.2 de la Llei 38\/2003, de 17 de novembre, general de subvencions, signada per tots\/es els\/les sol\u00b7licitants.<\/li><li>Certificat de l\u2019entitat banc\u00e0ria on es faci constar el n\u00famero de compte i la titularitat del\/s sol\u00b7licitant\/s.<\/li><li>Factura o factures originals o fotoc\u00f2pies compulsades justificatives de la despesa derivada de l\u2019adquisici\u00f3 de les fitxes o llibres de text de secund\u00e0ria obligat\u00f2ria, a trav\u00e9s del programa de socialitzaci\u00f3 de llibres\/l\u2019\u00fas del transport escolar intramunicipal del Consell Comarcal del Baix Pened\u00e8s\/l\u2019\u00fas del servei de menjador escolar.<\/li><li>Comprovant o comprovants de pagament de la factura o factures aportades.<\/li><\/ul>\n\n\n\n<p>Tingueu en compte que per sol\u00b7licitar aquest ajut cal que:<\/p>\n\n\n\n<ul><li>Estigueu empadronats al municipi de la Bisbal del Pened\u00e8s (consultar detalls a les bases).<\/li><li>Estigueu matriculats\/des a l\u2019escola Ull de Vent de la Bisbal del Pened\u00e8s en el curs acad\u00e8mic corresponent a la convocat\u00f2ria d\u2019aquestes subvencions (2022-23).<\/li><li>Per a la convocat\u00f2ria de fitxes o llibres de text: que h\u00e0giu fet la compra dels llibres de text a trav\u00e9s del programa de socialitzaci\u00f3 de llibres.<\/li><li>Per a la subvenci\u00f3 de transport escolar: ser usuaris\/\u00e0ries del servei de transport escolar intramunicipal del Consell Comarcal del Baix Pened\u00e8s.<\/li><li>Per a la subvenci\u00f3 del menjador escolar: ser usuaris\/\u00e0ries del servei de menjador escolar.<\/li><li>No estigueu afectats -les mares, pares o tutors\/es legals- dels\/les alumnes- per cap de les prohibicions contingudes en l\u2019article 13.2 de la Llei 38\/2003, de 17 de novembre, general de subvencions.<\/li><li>No sigueu deutors -les mares, pares o tutors\/es legals dels\/les alumnes- per cap concepte davant la Tresoreria General de la Seguretat Social (TGSS), l\u2019Ag\u00e8ncia Estatal d\u2019Administraci\u00f3 Tribut\u00e0ria (AEAT), l\u2019Ag\u00e8ncia Tribut\u00e0ria de Catalunya (ATC) i l\u2019Ajuntament de la Bisbal del Pened\u00e8s; o b\u00e9 disposar de la corresponent resoluci\u00f3 de pr\u00f2rroga, ajornament, morat\u00f2ria o qualsevol altra condici\u00f3 especial. Aquest requisit s\u2019haur\u00e0 de complir al llarg de tot el procediment.<\/li><li>No haver estat sancionats\/ des -les mares, pares o tutors\/es legals dels\/les alumnes- amb resoluci\u00f3 ferma amb la p\u00e8rdua de la possibilitat d\u2019obtenir subvencions.<\/li><\/ul>\n\n\n\n<hr class=\"wp-block-separator has-alpha-channel-opacity\"\/>\n\n\n\n<p><strong>CASTELLANO |<\/strong> El pr\u00f3ximo martes 12 de septiembre se abrir\u00e1 el plazo para solicitar las subvenciones para la adquisici\u00f3n de libros de texto de la Escuela Ull de Vent (mediante la socializaci\u00f3n de libros), del comedor escolar y del transporte escolar (curso 2022-2023).<\/p>\n\n\n\n<p>En el enlace encontrar\u00e9is toda la informaci\u00f3n sobre estas subvenciones y c\u00f3mo solicitarlas: <a href=\"https:\/\/www.diputaciodetarragona.cat\/ebop\/index.php?op=dwn&amp;tipus=i&amp;data=20230908&amp;anyp=2023&amp;num=07899&amp;v=i\">https:\/\/www.diputaciodetarragona.cat\/ebop\/index.php?op=dwn&amp;tipus=i&amp;data=20230908&amp;anyp=2023&amp;num=07899&amp;v=i<\/a><\/p>\n\n\n\n<p>El plazo para presentar las solicitudes va del 12 de septiembre al 9 de octubre de 2023.<\/p>\n\n\n\n<p>Para solicitar la subvenci\u00f3n ten\u00e9is que adjuntar:<\/p>\n\n\n\n<ul><li>La documentaci\u00f3n acreditativa de la identidad de las madres, padres o tutores\/as legales y de los\/las alumnos\/as.<\/li><li>El libro de familia.<\/li><li>La declaraci\u00f3n responsable seg\u00fan el modelo normalizado conforme las madres, padres o tutores\/as legales de los\/las alumnos\/as no os encontr\u00e1is en ninguna de las circunstancias que impiden obtener la condici\u00f3n de beneficiarios\/as de subvenciones p\u00fablicas, establecidas en el art\u00edculo 13.2 de la Ley 38\/2003, de 17 de noviembre, general de subvenciones, firmada por todos\/as los\/las solicitantes.<\/li><li>Certificado de la entidad bancaria en la que se haga constar el n\u00famero de cuenta y la titularidad de los\/las solicitantes.<\/li><li>Factura o facturas originales o fotocopias compulsadas justificativas del gasto derivado de la adquisici\u00f3n de las fichas o libros de texto de secundaria obligatoria, a trav\u00e9s del programa de socializaci\u00f3n de libros\/el uso del transporte escolar intramunicipal del Consell Comarcal del Baix Pened\u00e8s\/el uso del servicio de comedor escolar.<\/li><li>Comprobante o comprobantes de pago de la factura o facturas aportadas.<\/li><\/ul>\n\n\n\n<p>Tened en cuenta que para solicitar esta ayuda es necesario que:<\/p>\n\n\n\n<ul><li>Est\u00e9is empadronados en el municipio de la Bisbal del Pened\u00e8s (consultar detalles en las bases).<\/li><li>Est\u00e9is matriculados\/as en la escuela Ull de Vent de la Bisbal del Pened\u00e8s en el curso acad\u00e9mico correspondiente a la convocatoria de estas subvenciones (2022-23).<\/li><li>Para la convocatoria de fichas o libros de texto: que hay\u00e1is hecho la compra de los libros de texto a trav\u00e9s del programa de socializaci\u00f3n de libros.<\/li><li>Para la subvenci\u00f3n de transporte escolar: ser usuarios\/as del servicio de transporte escolar intramunicipal del Consell Comarcal del Baix Pened\u00e8s.<\/li><li>Para la subvenci\u00f3n del comedor escolar: ser usuarios\/as del servicio de comedor escolar.<\/li><li>No est\u00e9is afectados -las madres, padres o tutores\/as legales de los\/las alumnos\/as- por ninguna de las prohibiciones contenidas en el art\u00edculo 13.2 de la Ley 38\/20223, de 17 de noviembre, general de subvenciones.<\/li><li>No se\u00e1is deudores -las madres, padres o tutores\/as legales de los alumnos- por ning\u00fan concepto ante la Tesorer\u00eda General de la Seguridad Social (TGSS), la Agencia Estatal de Administraci\u00f3n Tributaria (AEAT), l\u2019Ag\u00e8ncia Tribut\u00e0ria de Catalunya (ATC) y el Ajuntament de la Bisbal del Pened\u00e8s; o bien disponer de la correspondiente resoluci\u00f3n de pr\u00f3rroga, aplazamiento, moratoria o cualquier otra condici\u00f3n especial. Este requisito se tendr\u00e1 que cumplir a lo largo de todo el procedimiento.<\/li><li>No haber sido sancionados\/as -las madres, los padres o tutores\/as legales de los\/las alumnos\/as- con resoluci\u00f3n firme con la p\u00e9rdida de la posibilidad de obtener subvenciones.<\/li><\/ul>\n","protected":false},"excerpt":{"rendered":"<p>El proper dimarts 12 de setembre s\u2019obrir\u00e0 el termini per sol\u00b7licitar les subvencions per a l\u2019adquisici\u00f3 de llibres de text de l\u2019Escola Ull de Vent (mitjan\u00e7ant socialitzaci\u00f3 de llibres), del &hellip; <a href=\"https:\/\/bisbalpenedes.com\/web\/2023\/09\/08\/el-proper-dimarts-12-de-setembre-sobrira-la-convocatoria-de-les-subvencions-per-a-ladquisicio-de-llibres-de-text-menjador-escolar-i-transport-escolar-de-lescola-ull-de-vent\/\" class=\"more-link\">Read More<\/a><\/p>\n","protected":false},"author":4,"featured_media":27466,"comment_status":"closed","ping_status":"closed","sticky":false,"template":"","format":"standard","meta":[],"categories":[3456,8],"tags":[459,65,337,393,148,336,1374,102,356],"_links":{"self":[{"href":"https:\/\/bisbalpenedes.com\/web\/wp-json\/wp\/v2\/posts\/27465"}],"collection":[{"href":"https:\/\/bisbalpenedes.com\/web\/wp-json\/wp\/v2\/posts"}],"about":[{"href":"https:\/\/bisbalpenedes.com\/web\/wp-json\/wp\/v2\/types\/post"}],"author":[{"embeddable":true,"href":"https:\/\/bisbalpenedes.com\/web\/wp-json\/wp\/v2\/users\/4"}],"replies":[{"embeddable":true,"href":"https:\/\/bisbalpenedes.com\/web\/wp-json\/wp\/v2\/comments?post=27465"}],"version-history":[{"count":2,"href":"https:\/\/bisbalpenedes.com\/web\/wp-json\/wp\/v2\/posts\/27465\/revisions"}],"predecessor-version":[{"id":27468,"href":"https:\/\/bisbalpenedes.com\/web\/wp-json\/wp\/v2\/posts\/27465\/revisions\/27468"}],"wp:featuredmedia":[{"embeddable":true,"href":"https:\/\/bisbalpenedes.com\/web\/wp-json\/wp\/v2\/media\/27466"}],"wp:attachment":[{"href":"https:\/\/bisbalpenedes.com\/web\/wp-json\/wp\/v2\/media?parent=27465"}],"wp:term":[{"taxonomy":"category","embeddable":true,"href":"https:\/\/bisbalpenedes.com\/web\/wp-json\/wp\/v2\/categories?post=27465"},{"taxonomy":"post_tag","embeddable":true,"href":"https:\/\/bisbalpenedes.com\/web\/wp-json\/wp\/v2\/tags?post=27465"}],"curies":[{"name":"wp","href":"https:\/\/api.w.org\/{rel}","templated":true}]}}