{"id":27456,"date":"2023-09-12T07:00:00","date_gmt":"2023-09-12T05:00:00","guid":{"rendered":"https:\/\/bisbalpenedes.com\/web\/?p=27456"},"modified":"2023-09-08T09:54:29","modified_gmt":"2023-09-08T07:54:29","slug":"nou-curs-subvencionat-de-vetllador-a-monitor-a-de-transport-i-monitor-a-de-menjador-escolar-inici-octubre-de-2023","status":"publish","type":"post","link":"https:\/\/bisbalpenedes.com\/web\/2023\/09\/12\/nou-curs-subvencionat-de-vetllador-a-monitor-a-de-transport-i-monitor-a-de-menjador-escolar-inici-octubre-de-2023\/","title":{"rendered":"<strong>Nou curs subvencionat de vetllador\/a, monitor\/a de transport i monitor\/a de menjador escolar \u2013 Inici: octubre de 2023<\/strong>"},"content":{"rendered":"\n<p>La Cambra de Comer\u00e7 de Tarragona, amb la col\u00b7laboraci\u00f3 del SOM Bisbal i l\u2019Ajuntament de la Bisbal del Pened\u00e8s, tira endavant un nou curs subvencionat de vetllador\/a, monitor\/a de transport i monitor\/a de menjador escolar. Aquesta nova formaci\u00f3 est\u00e0 adre\u00e7ada a persones d\u2019entre 45 i 60 anys en situaci\u00f3 d\u2019atur o inactivitat laboral i tindr\u00e0 una durada de 150 hores.<\/p>\n\n\n\n<p>La formaci\u00f3 es dur\u00e0 a terme del 23 d\u2019octubre al 4 de desembre, de 9 a 14h, al Centre Municipal de Cultura (CMC).<\/p>\n\n\n\n<p>Inscripcions a <a href=\"https:\/\/bisbalpenedes.com\/web\/formacio\/?idFormacio=72\">https:\/\/bisbalpenedes.com\/web\/formacio\/?idFormacio=72<\/a><\/p>\n\n\n\n<p>Trobareu tota la informaci\u00f3 sobre el curs i els continguts d\u2019aquest al web <a href=\"https:\/\/www.cambratgn.com\/cursos-presencials\/jornada\/436-curs-de-vetllador-monitor-a-de-transport-monitor-a-de-menjador\">https:\/\/www.cambratgn.com\/cursos-presencials\/jornada\/436-curs-de-vetllador-monitor-a-de-transport-monitor-a-de-menjador<\/a><\/p>\n\n\n\n<hr class=\"wp-block-separator has-alpha-channel-opacity\"\/>\n\n\n\n<p><strong>CASTELLANO |<\/strong>&nbsp;La C\u00e1mara de Comercio de Tarragona, con la colaboraci\u00f3n del SOM Bisbal y el Ayuntamiento de la Bisbal del Pened\u00e8s, saca adelante un nuevo curso subvencionado de velador\/a, monitor\/a de transporte y monitor\/a de comedor escolar. Esta nueva formaci\u00f3n est\u00e1 dirigida a personas de entre 45 y 60 a\u00f1os en situaci\u00f3n de paro o inactividad laboral y tendr\u00e1 una duraci\u00f3n de 150 horas.<\/p>\n\n\n\n<p>La formaci\u00f3n se llevar\u00e1 a cabo del 23 de octubre al 4 de diciembre, de 9 a 14h en el Centre Municipal de Cultura (CMC).<\/p>\n\n\n\n<p>Inscripciones en <a href=\"https:\/\/bisbalpenedes.com\/web\/formacio\/?idFormacio=72\">https:\/\/bisbalpenedes.com\/web\/formacio\/?idFormacio=72<\/a><\/p>\n\n\n\n<p>Encontrar\u00e9is toda la informaci\u00f3n sobre el curso y los contenidos del mismo en la web <a href=\"https:\/\/www.cambratgn.com\/cursos-presencials\/jornada\/436-curs-de-vetllador-monitor-a-de-transport-monitor-a-de-menjador\">https:\/\/www.cambratgn.com\/cursos-presencials\/jornada\/436-curs-de-vetllador-monitor-a-de-transport-monitor-a-de-menjador<\/a><\/p>\n","protected":false},"excerpt":{"rendered":"<p>La Cambra de Comer\u00e7 de Tarragona, amb la col\u00b7laboraci\u00f3 del SOM Bisbal i l\u2019Ajuntament de la Bisbal del Pened\u00e8s, tira endavant un nou curs subvencionat de vetllador\/a, monitor\/a de transport &hellip; <a href=\"https:\/\/bisbalpenedes.com\/web\/2023\/09\/12\/nou-curs-subvencionat-de-vetllador-a-monitor-a-de-transport-i-monitor-a-de-menjador-escolar-inici-octubre-de-2023\/\" class=\"more-link\">Read More<\/a><\/p>\n","protected":false},"author":4,"featured_media":27457,"comment_status":"closed","ping_status":"closed","sticky":false,"template":"","format":"standard","meta":[],"categories":[3822,8,9],"tags":[262,459,65,12,5455,393,5497,6204,6205,6207,271,6203,6206],"_links":{"self":[{"href":"https:\/\/bisbalpenedes.com\/web\/wp-json\/wp\/v2\/posts\/27456"}],"collection":[{"href":"https:\/\/bisbalpenedes.com\/web\/wp-json\/wp\/v2\/posts"}],"about":[{"href":"https:\/\/bisbalpenedes.com\/web\/wp-json\/wp\/v2\/types\/post"}],"author":[{"embeddable":true,"href":"https:\/\/bisbalpenedes.com\/web\/wp-json\/wp\/v2\/users\/4"}],"replies":[{"embeddable":true,"href":"https:\/\/bisbalpenedes.com\/web\/wp-json\/wp\/v2\/comments?post=27456"}],"version-history":[{"count":1,"href":"https:\/\/bisbalpenedes.com\/web\/wp-json\/wp\/v2\/posts\/27456\/revisions"}],"predecessor-version":[{"id":27458,"href":"https:\/\/bisbalpenedes.com\/web\/wp-json\/wp\/v2\/posts\/27456\/revisions\/27458"}],"wp:featuredmedia":[{"embeddable":true,"href":"https:\/\/bisbalpenedes.com\/web\/wp-json\/wp\/v2\/media\/27457"}],"wp:attachment":[{"href":"https:\/\/bisbalpenedes.com\/web\/wp-json\/wp\/v2\/media?parent=27456"}],"wp:term":[{"taxonomy":"category","embeddable":true,"href":"https:\/\/bisbalpenedes.com\/web\/wp-json\/wp\/v2\/categories?post=27456"},{"taxonomy":"post_tag","embeddable":true,"href":"https:\/\/bisbalpenedes.com\/web\/wp-json\/wp\/v2\/tags?post=27456"}],"curies":[{"name":"wp","href":"https:\/\/api.w.org\/{rel}","templated":true}]}}