{"id":27451,"date":"2023-09-08T09:38:25","date_gmt":"2023-09-08T07:38:25","guid":{"rendered":"https:\/\/bisbalpenedes.com\/web\/?p=27451"},"modified":"2023-09-08T09:50:02","modified_gmt":"2023-09-08T07:50:02","slug":"aquest-diumenge-10-de-setembre-es-el-dia-mundial-per-a-la-prevencio-del-suicidi","status":"publish","type":"post","link":"https:\/\/bisbalpenedes.com\/web\/2023\/09\/08\/aquest-diumenge-10-de-setembre-es-el-dia-mundial-per-a-la-prevencio-del-suicidi\/","title":{"rendered":"<strong>Aquest diumenge 10 de setembre \u00e9s el Dia Mundial per a la Prevenci\u00f3 del Su\u00efcidi<\/strong>"},"content":{"rendered":"\n<p>Aquest diumenge 10 de setembre \u00e9s el Dia Mundial per a la Prevenci\u00f3 del Su\u00efcidi i, per aquest motiu, la Casa de la Vila s\u2019il\u00b7luminar\u00e0 de color carbassa quan es faci fosc.<\/p>\n\n\n\n<p>L\u2019objectiu de la commemoraci\u00f3 d\u2019aquesta jornada \u00e9s que hi hagi una major conscienciaci\u00f3 i prevenci\u00f3 per evitar su\u00efcidis. Segons fonts de la <a href=\"https:\/\/jovecat.gencat.cat\/ca\/temes\/salut\/dia-mundial-prevencio-del-suicidi\/\">Generalitat de Catalunya<\/a>, \u201cl\u2019OMS estima que aproximadament 800.000 persones moren cada any a causa del su\u00efcidi i que, cada una d\u2019aquestes morts, afecta 135 persones. A m\u00e9s, el su\u00efcidi \u00e9s la segona causa de mort en joves d\u2019entre 15 i 29 anys a Catalunya. Des del 2020 el nombre de su\u00efcidis de persones joves ha augmentat for\u00e7a\u201d. Per tot plegat, el juny de 2022 es va posar en marxa un servei especialitzat en l\u2019atenci\u00f3 telef\u00f2nica a persones amb conducta o ideaci\u00f3 su\u00efcida i als seus familiars o persones properes. Es tracta del tel\u00e8fon 061, on s\u2019atenen trucades les 24 hores del dia, els 365 dies de l\u2019any. El servei est\u00e0 format per un equip especialitzat en salut mental: professionals d\u2019infermeria, psicologia i psiquiatria. Tots ells s\u00f3n experts en conductes su\u00efcides i en les conseq\u00fc\u00e8ncies derivades (ideaci\u00f3, temptativa i mort per su\u00efcidi). Aquest servei forma part del <a href=\"https:\/\/salutweb.gencat.cat\/ca\/el_departament\/ambits-estrategics\/atencio-salut-mental-addiccions\/projectes-documents\/\">Pla de prevenci\u00f3 de su\u00efcidi de Catalunya 2021-2025 (PLAPRESC).<\/a><\/p>\n\n\n\n<p>L\u2019Associaci\u00f3 internacional per a la prevenci\u00f3 del su\u00efcidi \u00e9s la promotora del Dia Mundial i lidera la tasca de prevenci\u00f3 global. Per a m\u00e9s informaci\u00f3 podeu accedir a l\u2019enlla\u00e7: <a href=\"https:\/\/www.iasp.info\/\">https:\/\/www.iasp.info\/<\/a>. A Catalunya, el projecte de recerca Codi Risc estudia la prevenci\u00f3 de les conductes su\u00efcides al pa\u00eds amb l\u2019objectiu de disminuir la mortalitat, augmentar la superviv\u00e8ncia i prevenir la repetici\u00f3 de temptatives.<\/p>\n\n\n\n<figure class=\"wp-block-image size-large\"><img loading=\"lazy\" width=\"724\" height=\"1024\" src=\"https:\/\/bisbalpenedes.com\/web\/wp-content\/uploads\/2023\/09\/cartell-061-veu-contra-suicidi-724x1024.png\" alt=\"\" class=\"wp-image-27454\" srcset=\"https:\/\/bisbalpenedes.com\/web\/wp-content\/uploads\/2023\/09\/cartell-061-veu-contra-suicidi-724x1024.png 724w, https:\/\/bisbalpenedes.com\/web\/wp-content\/uploads\/2023\/09\/cartell-061-veu-contra-suicidi-212x300.png 212w, https:\/\/bisbalpenedes.com\/web\/wp-content\/uploads\/2023\/09\/cartell-061-veu-contra-suicidi-768x1086.png 768w, https:\/\/bisbalpenedes.com\/web\/wp-content\/uploads\/2023\/09\/cartell-061-veu-contra-suicidi-1086x1536.png 1086w, https:\/\/bisbalpenedes.com\/web\/wp-content\/uploads\/2023\/09\/cartell-061-veu-contra-suicidi-1448x2048.png 1448w, https:\/\/bisbalpenedes.com\/web\/wp-content\/uploads\/2023\/09\/cartell-061-veu-contra-suicidi-600x848.png 600w\" sizes=\"(max-width: 724px) 100vw, 724px\" \/><\/figure>\n\n\n\n<p><strong>CASTELLANO |<\/strong> Este Domingo 10 de septiembre es el Dia Mundial de la Prevenci\u00f3n del suicidio y, por este motivo, la Casa de la Vila se iluminar\u00e1 de color calabaza cuando se haga de noche.<\/p>\n\n\n\n<p>El objetivo de la conmemoraci\u00f3n es esta jornada es que haya una mayor concienciaci\u00f3n y prevenci\u00f3n para evitar suicidios. Seg\u00fan fuentes de la <a href=\"https:\/\/jovecat.gencat.cat\/ca\/temes\/salut\/dia-mundial-prevencio-del-suicidi\/\">Generalitat de Catalunya,<\/a> \u201cla OMS estima que aproximadamente 800.000 personas mueren cada a\u00f1o a causa del suicidio y que, cada una de estas muertes, afecta a 135 personas. Adem\u00e1s, el suicidio es la segunda causa de muerte en j\u00f3venes de entre 15 y 29 a\u00f1os en Catalunya. Desde el 2020 el n\u00famero de suicidios de personas j\u00f3venes ha aumentado mucho\u201d. Por todo ello, en junio de 2022 se puso en marcha un servicio especializado en la atenci\u00f3n telef\u00f3nica a personas con conducta o ideaci\u00f3n suicida y a sus familiares o personas pr\u00f3ximas. Se trata del tel\u00e9fono 051, en el que se atienden llamadas las 24 horas del d\u00eda, los 365 d\u00edas del a\u00f1o. El servicio est\u00e1 formado por un equipo especializado en salud mental: profesionales de enfermer\u00eda, psicolog\u00eda y psiquiatr\u00eda. Todos ellos son expertos en conductas suicidas y en las consecuencias derivadas (ideaci\u00f3n, tentativa y muerte por suicidio). Este servicio forma parte del <a href=\"https:\/\/salutweb.gencat.cat\/ca\/el_departament\/ambits-estrategics\/atencio-salut-mental-addiccions\/projectes-documents\/\">Plan de prevenci\u00f3n del suicidio de Catalunya 2021-2025 (PLAPRESC).<\/a><\/p>\n\n\n\n<p>La Asociaci\u00f3n internacional para la prevenci\u00f3n del suicidio es la promotora del D\u00eda Mundial y lidera el trabajo de prevenci\u00f3n a nivel global. Para m\u00e1s informaci\u00f3n pod\u00e9is acceder al enlace: <a href=\"https:\/\/www.iasp.info\/\">https:\/\/www.iasp.info\/<\/a>. En Catalunya, el proyecto de investigaci\u00f3n Codi Risc estudia la prevenci\u00f3n de las conductas suicidas en el pa\u00eds con el objetivo de disminuir la mortalidad, aumentar la supervivencia y prevenir la repetici\u00f3n de tentativas.<\/p>\n","protected":false},"excerpt":{"rendered":"<p>Aquest diumenge 10 de setembre \u00e9s el Dia Mundial per a la Prevenci\u00f3 del Su\u00efcidi i, per aquest motiu, la Casa de la Vila s\u2019il\u00b7luminar\u00e0 de color carbassa quan es &hellip; <a href=\"https:\/\/bisbalpenedes.com\/web\/2023\/09\/08\/aquest-diumenge-10-de-setembre-es-el-dia-mundial-per-a-la-prevencio-del-suicidi\/\" class=\"more-link\">Read More<\/a><\/p>\n","protected":false},"author":4,"featured_media":27452,"comment_status":"closed","ping_status":"closed","sticky":false,"template":"","format":"standard","meta":[],"categories":[2402,8,14],"tags":[5019,4791,28],"_links":{"self":[{"href":"https:\/\/bisbalpenedes.com\/web\/wp-json\/wp\/v2\/posts\/27451"}],"collection":[{"href":"https:\/\/bisbalpenedes.com\/web\/wp-json\/wp\/v2\/posts"}],"about":[{"href":"https:\/\/bisbalpenedes.com\/web\/wp-json\/wp\/v2\/types\/post"}],"author":[{"embeddable":true,"href":"https:\/\/bisbalpenedes.com\/web\/wp-json\/wp\/v2\/users\/4"}],"replies":[{"embeddable":true,"href":"https:\/\/bisbalpenedes.com\/web\/wp-json\/wp\/v2\/comments?post=27451"}],"version-history":[{"count":2,"href":"https:\/\/bisbalpenedes.com\/web\/wp-json\/wp\/v2\/posts\/27451\/revisions"}],"predecessor-version":[{"id":27455,"href":"https:\/\/bisbalpenedes.com\/web\/wp-json\/wp\/v2\/posts\/27451\/revisions\/27455"}],"wp:featuredmedia":[{"embeddable":true,"href":"https:\/\/bisbalpenedes.com\/web\/wp-json\/wp\/v2\/media\/27452"}],"wp:attachment":[{"href":"https:\/\/bisbalpenedes.com\/web\/wp-json\/wp\/v2\/media?parent=27451"}],"wp:term":[{"taxonomy":"category","embeddable":true,"href":"https:\/\/bisbalpenedes.com\/web\/wp-json\/wp\/v2\/categories?post=27451"},{"taxonomy":"post_tag","embeddable":true,"href":"https:\/\/bisbalpenedes.com\/web\/wp-json\/wp\/v2\/tags?post=27451"}],"curies":[{"name":"wp","href":"https:\/\/api.w.org\/{rel}","templated":true}]}}