{"id":27444,"date":"2023-09-07T16:03:37","date_gmt":"2023-09-07T14:03:37","guid":{"rendered":"https:\/\/bisbalpenedes.com\/web\/?p=27444"},"modified":"2023-09-07T19:18:35","modified_gmt":"2023-09-07T17:18:35","slug":"la-bisbal-del-penedes-sera-lescenari-de-la-commemoracio-de-la-diada-nacional-de-catalunya-de-la-vegueria-del-penedes-aquest-divendres","status":"publish","type":"post","link":"https:\/\/bisbalpenedes.com\/web\/2023\/09\/07\/la-bisbal-del-penedes-sera-lescenari-de-la-commemoracio-de-la-diada-nacional-de-catalunya-de-la-vegueria-del-penedes-aquest-divendres\/","title":{"rendered":"La Bisbal del Pened\u00e8s ser\u00e0 l&#8217;escenari de la commemoraci\u00f3 de la Diada Nacional de Catalunya de la vegueria del Pened\u00e8s aquest divendres"},"content":{"rendered":"\n<p>La Bisbal del Pened\u00e8s ser\u00e0, enguany, l\u2019escenari de la commemoraci\u00f3 de la Diada Nacional de Catalunya de la vegueria del Pened\u00e8s.<\/p>\n\n\n\n<p> L\u2019acte institucional se celebrar\u00e0 aquest divendres, a partir de les 18h, a la pla\u00e7a de l\u2019Esgl\u00e9sia i ser\u00e0 obert a tothom.<\/p>\n\n\n\n<hr class=\"wp-block-separator has-alpha-channel-opacity\"\/>\n\n\n\n<p>La Bisbal del Pened\u00e8s ser\u00e1, este a\u00f1o, el escenario de la conmemoraci\u00f3n de la Diada Nacional de Catalunya de la veguer\u00eda del Pened\u00e8s.<\/p>\n\n\n\n<p>El acto institucional se celebrar\u00e1 este viernes, a partir de las 18h, en la plaza de la Esgl\u00e9sia y ser\u00e1 abierto a todo el mundo.<\/p>\n","protected":false},"excerpt":{"rendered":"<p>La Bisbal del Pened\u00e8s ser\u00e0, enguany, l\u2019escenari de la commemoraci\u00f3 de la Diada Nacional de Catalunya de la vegueria del Pened\u00e8s. L\u2019acte institucional se celebrar\u00e0 aquest divendres, a partir de &hellip; <a href=\"https:\/\/bisbalpenedes.com\/web\/2023\/09\/07\/la-bisbal-del-penedes-sera-lescenari-de-la-commemoracio-de-la-diada-nacional-de-catalunya-de-la-vegueria-del-penedes-aquest-divendres\/\" class=\"more-link\">Read More<\/a><\/p>\n","protected":false},"author":4,"featured_media":27447,"comment_status":"closed","ping_status":"closed","sticky":false,"template":"","format":"standard","meta":[],"categories":[8],"tags":[459,3202,393,1374,5176],"_links":{"self":[{"href":"https:\/\/bisbalpenedes.com\/web\/wp-json\/wp\/v2\/posts\/27444"}],"collection":[{"href":"https:\/\/bisbalpenedes.com\/web\/wp-json\/wp\/v2\/posts"}],"about":[{"href":"https:\/\/bisbalpenedes.com\/web\/wp-json\/wp\/v2\/types\/post"}],"author":[{"embeddable":true,"href":"https:\/\/bisbalpenedes.com\/web\/wp-json\/wp\/v2\/users\/4"}],"replies":[{"embeddable":true,"href":"https:\/\/bisbalpenedes.com\/web\/wp-json\/wp\/v2\/comments?post=27444"}],"version-history":[{"count":1,"href":"https:\/\/bisbalpenedes.com\/web\/wp-json\/wp\/v2\/posts\/27444\/revisions"}],"predecessor-version":[{"id":27445,"href":"https:\/\/bisbalpenedes.com\/web\/wp-json\/wp\/v2\/posts\/27444\/revisions\/27445"}],"wp:featuredmedia":[{"embeddable":true,"href":"https:\/\/bisbalpenedes.com\/web\/wp-json\/wp\/v2\/media\/27447"}],"wp:attachment":[{"href":"https:\/\/bisbalpenedes.com\/web\/wp-json\/wp\/v2\/media?parent=27444"}],"wp:term":[{"taxonomy":"category","embeddable":true,"href":"https:\/\/bisbalpenedes.com\/web\/wp-json\/wp\/v2\/categories?post=27444"},{"taxonomy":"post_tag","embeddable":true,"href":"https:\/\/bisbalpenedes.com\/web\/wp-json\/wp\/v2\/tags?post=27444"}],"curies":[{"name":"wp","href":"https:\/\/api.w.org\/{rel}","templated":true}]}}