{"id":27428,"date":"2023-09-06T11:17:51","date_gmt":"2023-09-06T09:17:51","guid":{"rendered":"https:\/\/bisbalpenedes.com\/web\/?p=27428"},"modified":"2023-09-28T13:10:03","modified_gmt":"2023-09-28T11:10:03","slug":"el-dissabte-30-de-setembre-el-cmc-torna-el-cicle-gaudi-amb-la-pellicula-20-000-especies-de-abejas","status":"publish","type":"post","link":"https:\/\/bisbalpenedes.com\/web\/2023\/09\/06\/el-dissabte-30-de-setembre-el-cmc-torna-el-cicle-gaudi-amb-la-pellicula-20-000-especies-de-abejas\/","title":{"rendered":"El dissabte 30 de setembre torna el Cicle Gaud\u00ed amb la pel\u00b7l\u00edcula \u201c20.000 especies de abejas\u201d"},"content":{"rendered":"\n<figure class=\"wp-block-embed is-type-video is-provider-youtube wp-block-embed-youtube wp-embed-aspect-16-9 wp-has-aspect-ratio\"><div class=\"wp-block-embed__wrapper\">\n<iframe loading=\"lazy\" title=\"Cicle Gaud\u00ed: &quot;20.000 especies de abejas&quot;\" width=\"1170\" height=\"658\" src=\"https:\/\/www.youtube.com\/embed\/yNVRUyM4ibs?feature=oembed\" frameborder=\"0\" allow=\"accelerometer; autoplay; clipboard-write; encrypted-media; gyroscope; picture-in-picture; web-share\" allowfullscreen><\/iframe>\n<\/div><\/figure>\n\n\n\n<p>El dissabte 30 de setembre, a les 19:30h, l\u2019Auditori Salb\u00e0 del CMC acollir\u00e0 la projecci\u00f3 del film \u201c20.000 especies de abejas\u201d del Cicle Gaud\u00ed.<\/p>\n\n\n\n<p><strong>FITXA T\u00c8CNICA<\/strong><\/p>\n\n\n\n<p>Direcci\u00f3: Estibaliz Urresola Solaguren<\/p>\n\n\n\n<p>Gui\u00f3: Estibaliz Urresola Solaguren<\/p>\n\n\n\n<p>Productora: Coproducci\u00f3 Inicia Films i Gariza Films<\/p>\n\n\n\n<p>Estrena: Abril de 2023<\/p>\n\n\n\n<p>Durada: 127 minuts<\/p>\n\n\n\n<p>G\u00e8nere: Drama<\/p>\n\n\n\n<p>Versi\u00f3: original en castell\u00e0 i eusquera<\/p>\n\n\n\n<p>Int\u00e8rprets: Sof\u00eda Otero, Patricia L\u00f3pez Arnaiz, Miguel Garc\u00e9s, Ane Gabarain<\/p>\n\n\n\n<p><strong>SINOPSI<\/strong><\/p>\n\n\n\n<p>Coc\u00f3, de vuit anys, no encaixa amb les expectatives del seu entorn i no ent\u00e9n per qu\u00e8 insisteixen a dir-li Aitor. No es reconeix en aquest nom ni en la mirada dels altres. La seva mare Ane, que es troba en una profunda crisi professional i sentimental, aprofita les vacances per viatjar amb els seus tres fills a la casa familiar on viu la seva mare i la seva tieta, que \u00e9s apicultora. Aquest estiu canviar\u00e0 les seves vides i obligar\u00e0 a les dones de tres generacions molt diferents a enfrontar-se als seus dubtes i temors.<\/p>\n\n\n\n<p>Com \u00e9s habitual, el preu de l\u2019entrada ser\u00e0 de 4,5\u20ac (general) i 3\u20ac per als espectadors que presentin el carnet de la Biblioteca p\u00fablica de la Bisbal del Pened\u00e8s. Els beneficis es destinaran a l\u2019entitat que gestioni la taquilla abans de la projecci\u00f3 (es fa un sorteig entre les entitats que volen fer aquesta tasca), en aquest cas l\u2019Associaci\u00f3 de Dones La Roca Foradada.<\/p>\n\n\n\n<hr class=\"wp-block-separator has-alpha-channel-opacity\"\/>\n\n\n\n<p><strong>CASTELLANO |<\/strong>\u00a0El s\u00e1bado 30 de septiembre, a las 19:30h, el Auditori Salb\u00e0 del CMC acoger\u00e1 la proyecci\u00f3n del film \u201c20.000 especies de abejas\u201d del Cicle Gaud\u00ed.<\/p>\n\n\n\n<p><strong>FICHA T\u00c9CNICA<\/strong><\/p>\n\n\n\n<p>Direcci\u00f3n: Estibaliz Urresola Solaguren<\/p>\n\n\n\n<p>Gui\u00f3n: Estibaliz Urresola Solaguren<\/p>\n\n\n\n<p>Productora: Coproducci\u00f3n Inicia Films y Gariza Films<\/p>\n\n\n\n<p>Estreno: Abril de 2023<\/p>\n\n\n\n<p>Duraci\u00f3n: 127 minutos<\/p>\n\n\n\n<p>G\u00e9nero: Drama<\/p>\n\n\n\n<p>Versi\u00f3n: original en castellano y euskera<\/p>\n\n\n\n<p>Int\u00e9rpretes: Sof\u00eda Otero, Patricia L\u00f3pez Arnaiz, Miguel Garc\u00e9s, Ane Gabarain<\/p>\n\n\n\n<p><strong>SINOPSIS<\/strong><\/p>\n\n\n\n<p>Coc\u00f3, de ocho a\u00f1os, no encaja con las expectativas de su entorno y no entiende por qu\u00e9 insisten en llamarle Aitor. No se reconoce en este nombre ni en la mirada de los dem\u00e1s. Su madre, Ane, que se encuentra en una profunda crisis profesional y sentimental, aprovecha las vacaciones para viajar con sus otros tres hijos a la casa familiar en la que viven su madre y su t\u00eda apicultora. Este verano cambiar\u00e1 sus vidas y obligar\u00e1 a las mujeres de tres generaciones muy distintas a afrontarse a sus dudas y temores.<\/p>\n\n\n\n<p>Como es habitual, el precio de la entrada ser\u00e1 de 4,5\u20ac (general) y 3\u20ac para los espectadores que presenten el carn\u00e9 de la Biblioteca p\u00fablica de la Bisbal del Pened\u00e8s. Los beneficios se destinar\u00e1n a la entidad que gestione la taquilla antes de la proyecci\u00f3n (se hace un sorteo entre las entidades que quieren hacer esta tarea), en este caso la Associaci\u00f3 de Dones la Roca Foradada.<\/p>\n","protected":false},"excerpt":{"rendered":"<p>El dissabte 30 de setembre, a les 19:30h, l\u2019Auditori Salb\u00e0 del CMC acollir\u00e0 la projecci\u00f3 del film \u201c20.000 especies de abejas\u201d del Cicle Gaud\u00ed. FITXA T\u00c8CNICA Direcci\u00f3: Estibaliz Urresola Solaguren &hellip; <a href=\"https:\/\/bisbalpenedes.com\/web\/2023\/09\/06\/el-dissabte-30-de-setembre-el-cmc-torna-el-cicle-gaudi-amb-la-pellicula-20-000-especies-de-abejas\/\" class=\"more-link\">Read More<\/a><\/p>\n","protected":false},"author":4,"featured_media":27778,"comment_status":"closed","ping_status":"closed","sticky":false,"template":"","format":"standard","meta":[],"categories":[2942,13,8],"tags":[6202,308,307,393],"_links":{"self":[{"href":"https:\/\/bisbalpenedes.com\/web\/wp-json\/wp\/v2\/posts\/27428"}],"collection":[{"href":"https:\/\/bisbalpenedes.com\/web\/wp-json\/wp\/v2\/posts"}],"about":[{"href":"https:\/\/bisbalpenedes.com\/web\/wp-json\/wp\/v2\/types\/post"}],"author":[{"embeddable":true,"href":"https:\/\/bisbalpenedes.com\/web\/wp-json\/wp\/v2\/users\/4"}],"replies":[{"embeddable":true,"href":"https:\/\/bisbalpenedes.com\/web\/wp-json\/wp\/v2\/comments?post=27428"}],"version-history":[{"count":4,"href":"https:\/\/bisbalpenedes.com\/web\/wp-json\/wp\/v2\/posts\/27428\/revisions"}],"predecessor-version":[{"id":27779,"href":"https:\/\/bisbalpenedes.com\/web\/wp-json\/wp\/v2\/posts\/27428\/revisions\/27779"}],"wp:featuredmedia":[{"embeddable":true,"href":"https:\/\/bisbalpenedes.com\/web\/wp-json\/wp\/v2\/media\/27778"}],"wp:attachment":[{"href":"https:\/\/bisbalpenedes.com\/web\/wp-json\/wp\/v2\/media?parent=27428"}],"wp:term":[{"taxonomy":"category","embeddable":true,"href":"https:\/\/bisbalpenedes.com\/web\/wp-json\/wp\/v2\/categories?post=27428"},{"taxonomy":"post_tag","embeddable":true,"href":"https:\/\/bisbalpenedes.com\/web\/wp-json\/wp\/v2\/tags?post=27428"}],"curies":[{"name":"wp","href":"https:\/\/api.w.org\/{rel}","templated":true}]}}