{"id":27416,"date":"2023-09-05T19:04:20","date_gmt":"2023-09-05T17:04:20","guid":{"rendered":"https:\/\/bisbalpenedes.com\/web\/?p=27416"},"modified":"2023-09-05T19:04:20","modified_gmt":"2023-09-05T17:04:20","slug":"lajuntament-de-la-bisbal-del-penedes-presenta-recurs-dalcada-contra-la-resolucio-de-la-direccio-general-de-politica-energetica-pel-projecte-destesa-de-27-torres-dal","status":"publish","type":"post","link":"https:\/\/bisbalpenedes.com\/web\/2023\/09\/05\/lajuntament-de-la-bisbal-del-penedes-presenta-recurs-dalcada-contra-la-resolucio-de-la-direccio-general-de-politica-energetica-pel-projecte-destesa-de-27-torres-dal\/","title":{"rendered":"<strong>L\u2019Ajuntament de la Bisbal del Pened\u00e8s presenta recurs d\u2019al\u00e7ada contra la resoluci\u00f3 de la Direcci\u00f3 General de pol\u00edtica energ\u00e8tica pel projecte d\u2019estesa de 27 torres d\u2019alta tensi\u00f3 (MAT) al municipi<\/strong>"},"content":{"rendered":"\n<p>L\u2019alcaldessa de la Bisbal del Pened\u00e8s, Agn\u00e8s Ferr\u00e9, va signar un Decret el passat 31 d\u2019agost per interposar, davant la Secretar\u00eda de Estado de Energ\u00eda del Ministerio para la Transici\u00f3n Ecol\u00f3gica y el Reto Demogr\u00e1fico, un recurs d\u2019al\u00e7ada contra la Resoluci\u00f3 del mes juliol de la Direcci\u00f3n General de Pol\u00edtica Energ\u00e9tica y Minas per la que <em>\u201cse otorga a la mercantil Energ\u00edas Renovables de Ormonde 36, SLS, autorizaci\u00f3n administrativa pr\u00e8via para la instalaci\u00f3n fotovoltaica Jaime I, de 40 MW de potencia pico y 38,2 MV de potencia instal\u00b7lada y sus infraestructuras de evacuaci\u00f3n, en t\u00e9rminos municipales de Zaragoza, Teruel, Tarragona y Barcelona\u201d.<\/em><\/p>\n\n\n\n<p>El passat 2 d\u2019agost, el BOE va presentar la resoluci\u00f3 que hem citat al par\u00e0graf anterior i, a partir d\u2019aquest moment, es va reprendre el contacte entre els consells comarcals i els ajuntaments del territori afectats pel projecte amb l\u2019objectiu de fer un front com\u00fa contra l\u2019esmentat projecte que pret\u00e9n portar energia solar de l\u2019Arag\u00f3 fins a l\u2019\u00e0rea metropolitana de Barcelona sense tenir en compte ni consultar el territori i sense buscar alternatives d\u2019energia verda sostenible i de proximitat.<\/p>\n\n\n\n<p>El decret, signat per l\u2019alcaldessa, s\u2019elevar\u00e0 al Ple ordinari del proper dilluns 18 de setembre per a la seva ratificaci\u00f3.<\/p>\n\n\n\n<p><strong>FA DOS ANYS QUE L\u2019AJUNTAMENT DIU \u201cNO A LA MAT\u201d<\/strong><\/p>\n\n\n\n<p><strong>El juliol de 2021:<\/strong> l\u2019Ajuntament de la Bisbal del Pened\u00e8s va rebre l\u2019anunci mitjan\u00e7ant el qual s\u2019informava que se sotmetia a informaci\u00f3 p\u00fablica el projecte per construir un conjunt de parcs e\u00f2lics a l\u2019Arag\u00f3 i la corresponent infraestructura per transportar l\u2019energia produ\u00efda a trav\u00e9s d\u2019una l\u00ednia de molta alta tensi\u00f3 (MAT) que travessaria diferents comarques i passaria pel municipi de la Bisbal del Pened\u00e8s amb l\u2019objectiu de portar energia a l\u2019\u00e0rea metropolitana de Barcelona. El projecte preveia l\u2019estesa de 9.833,39 metres de l\u00ednia corrent trif\u00e0sica a\u00e8ria a trav\u00e9s de 27 torres (de fins a 70 metres d\u2019al\u00e7\u00e0ria) a la Bisbal del Pened\u00e8s.<\/p>\n\n\n\n<p><strong>El setembre de 2021:<\/strong> l\u2019Ajuntament de la Bisbal del Pened\u00e8s va aprovar per Junta de Govern les al\u00b7legacions informant desfavorablement del projecte de la MAT Cl\u00faster Begues que promovia l\u2019empresa Forestalia. Les al\u00b7legacions que es van presentar estaven basades en informes t\u00e8cnics, jur\u00eddics i mediambientals, preparats per t\u00e8cnics contractats per part de tots els ajuntaments i consells comarcals afectats per la MAT i tenint en compte tamb\u00e9 l\u2019informe de l\u2019enginyer municipal. Paral\u00b7lelament, es van recollir m\u00e9s de 450 al\u00b7legacions del conjunt de la ciutadania.<\/p>\n\n\n\n<p><strong>El mar\u00e7 de 2022:<\/strong> la Subdelegaci\u00f3 del Govern de Barcelona va entrar al registre de l\u2019Ajuntament les al\u00b7legacions de l\u2019empresa Energ\u00edas renovables de Ormonde SL., en relaci\u00f3 amb les al\u00b7legacions que l\u2019Ajuntament va presentar contra la MAT a la Junta de Govern de setembre de 2021. La Subdelegaci\u00f3 atorgava un termini de 15 dies a l\u2019Ajuntament de la Bisbal del Pened\u00e8s per formular les consideracions que es consideressin oportunes i, per aquest motiu, la Junta de Govern del dia 11 de mar\u00e7 va aprovar desestimar l\u2019informe entrat a registre el 29 de mar\u00e7 i, conseq\u00fcentment, ratificar els acords presos el setembre de 2021.<\/p>\n\n\n\n<p><strong>L\u2019agost de 2023:<\/strong> l\u2019alcaldessa signa un Decret d\u2019alcaldia per interposar un recurs d\u2019al\u00e7ada contra la Resoluci\u00f3n de juliol, de la Direcci\u00f3n General de Pol\u00edtica Energ\u00e9tica y Minas, per la que <em>\u201cse otorga a la mercantil Energ\u00edas Renovables de Ormonde 36, S.L, autorizaci\u00f3n administrativa previa para la instalaci\u00f3n fotovoltaica Jaime I, de 40 MW de potencia pico y 38,2 MW de potencia instalada y sus infraestructuras de evacuaci\u00f3n, en t\u00e9rminos municipales de Zaragoza, Teruel, Tarragona y Barcelona\u201d.<\/em><\/p>\n\n\n\n<p>&#8212;<\/p>\n\n\n\n<p><strong>CASTELLANO |<\/strong> La alcaldesa de la Bisbal del Pened\u00e8s, Agn\u00e8s Ferr\u00e9, firm\u00f3 un Decreto el pasado 31 de agosto para interponer, ante la Secretar\u00eda del Estado de Energ\u00eda del Ministerio para la Transici\u00f3n Ecol\u00f3gica y el Reto Demogr\u00e1fico, un recurso de alzada contra la Resoluci\u00f3n del mes de julio de la Direcci\u00f3n General de Pol\u00edtica Energ\u00e9tica y Minas por la que <em>\u201cse otorga a la mercantil Energ\u00edas Renovables de Ormonde 36, SLS, autorizaci\u00f3n administrativa previa para la instalaci\u00f3n fotovoltaica Jaime I, de 40 MW de potencia pico y 38,2 MV de potencia instalada y sus infraestructuras de evacuaci\u00f3n, en t\u00e9rminos municipales de Zaragoza, Teruel, Tarragona y Barcelona\u201d.<\/em><\/p>\n\n\n\n<p>El pasado 2 de agosto, el BOE present\u00f3 la resoluci\u00f3n que hemos citado en el p\u00e1rrafo anterior y, a partir de este momento, se retom\u00f3 el contacto entre los <em>consells <\/em>comarcales y los ayuntamientos del territorio afectados por el proyecto con el objetivo de hacer un frente com\u00fan contra dicho proyecto que pretende llevar energ\u00eda solar desde Arag\u00f3n hasta el \u00e1rea metropolitana de Barcelona sin tener en cuenta ni consultar el territorio y sin buscar alternativas de energ\u00eda verde sostenible y de proximidad.<\/p>\n\n\n\n<p>El decreto, firmado por la alcaldesa, se elevar\u00e1 al Pleno ordinario del pr\u00f3ximo lunes 18 de septiembre para su ratificaci\u00f3n.<\/p>\n\n\n\n<p><strong>HACE DOS A\u00d1OS QUE EL AYUNTAMIENTO DICE \u201cNO A LA MAT\u201d<\/strong><\/p>\n\n\n\n<p><strong>En julio de 2021:<\/strong> el Ayuntamiento de la Bisbal del Pened\u00e8s recibi\u00f3 el anuncio mediante el cual se informaba de que se somet\u00eda a informaci\u00f3n p\u00fablica el proyecto para construir un conjunto de parques e\u00f3licos en Arag\u00f3n y la correspondiente infraestructura para transportar la energ\u00eda producida a trav\u00e9s de una l\u00ednea de muy alta tensi\u00f3n (MAT) que atravesar\u00eda distintas comarcas y pasar\u00eda por el municipio de la Bisbal del Pened\u00e8s con el objetivo de llevar energ\u00eda al \u00e1rea metropolitana de Barcelona. El proyecto preve\u00eda el tendido de 9.833,39 metros de l\u00ednea corriente trif\u00e1sica a\u00e9rea a trav\u00e9s de 27 torres (de hasta 70 metros de altura) en la Bisbal del Pened\u00e8s.<\/p>\n\n\n\n<p><strong>En septiembre de 2021:<\/strong> el Ayuntamiento de la Bisbal del Pened\u00e8s aprob\u00f3 por Junta de Gobierno las alegaciones informando desfavorablemente del proyecto de la MAT Cl\u00faster Begues que promov\u00eda la empresa Forestalia. Las alegaciones se presentaron estaban basadas en informes t\u00e9cnicos, jur\u00eddicos y medioambientales, preparados por t\u00e9cnicos contratados por parte de todos los ayuntamientos y <em>consells comarcals<\/em> afectados por la MAT y teniendo en cuenta tambi\u00e9n el informe del ingeniero municipal. Paralelamente, se recogieron m\u00e1s de 450 alegaciones del conjunto de la ciudadan\u00eda.<\/p>\n\n\n\n<p><strong>En marzo de 2022:<\/strong> la Subdelegaci\u00f3n del Gobierno de Barcelona entro en el registro del Ayuntamiento las alegaciones de la empresa Energ\u00edas renovables de Ormonde SL., en relaci\u00f3n con las alegaciones que el Ayuntamiento present\u00f3 contra la MAT en la Junta de Gobierno de septiembre de 2021. La Subdelegaci\u00f3n otorgaba un plazo de 15 d\u00edas al Ayuntamiento de la Bisbal del Pened\u00e8s para formular las consideraciones que se considerasen oportunas y, por este motivo, la Junta de Gobierno del d\u00eda 11 de marzo aprob\u00f3 desestimar el informe entrado por registro el 29 de marzo y, consecuentemente, ratificar los acuerdos tomados en septiembre de 2021.<\/p>\n\n\n\n<p><strong>Agosto de 2023:<\/strong> la alcaldesa firma un Decreto de alcald\u00eda para interponer un recurso de alzada contra la Resoluci\u00f3n de julio, de la Direcci\u00f3n General de Pol\u00edtica Energ\u00e9tica y Minas, por la que <em>\u201cse otorga a la mercantil Energ\u00edas Renovables de Ormonde 36, S.L, autorizaci\u00f3n administrativa previa para la instalaci\u00f3n fotovoltaica Jaime I, de 40 MW de potencia pico y 38,2 MW de potencia instalada y sus infraestructuras de evacuaci\u00f3n, en t\u00e9rminos municipales de Zaragoza, Teruel, Tarragona y Barcelona\u201d.<\/em><\/p>\n","protected":false},"excerpt":{"rendered":"<p>L\u2019alcaldessa de la Bisbal del Pened\u00e8s, Agn\u00e8s Ferr\u00e9, va signar un Decret el passat 31 d\u2019agost per interposar, davant la Secretar\u00eda de Estado de Energ\u00eda del Ministerio para la Transici\u00f3n &hellip; <a href=\"https:\/\/bisbalpenedes.com\/web\/2023\/09\/05\/lajuntament-de-la-bisbal-del-penedes-presenta-recurs-dalcada-contra-la-resolucio-de-la-direccio-general-de-politica-energetica-pel-projecte-destesa-de-27-torres-dal\/\" class=\"more-link\">Read More<\/a><\/p>\n","protected":false},"author":4,"featured_media":27417,"comment_status":"closed","ping_status":"closed","sticky":false,"template":"","format":"standard","meta":[],"categories":[2057,2377,8],"tags":[459,1503,120,393,4761],"_links":{"self":[{"href":"https:\/\/bisbalpenedes.com\/web\/wp-json\/wp\/v2\/posts\/27416"}],"collection":[{"href":"https:\/\/bisbalpenedes.com\/web\/wp-json\/wp\/v2\/posts"}],"about":[{"href":"https:\/\/bisbalpenedes.com\/web\/wp-json\/wp\/v2\/types\/post"}],"author":[{"embeddable":true,"href":"https:\/\/bisbalpenedes.com\/web\/wp-json\/wp\/v2\/users\/4"}],"replies":[{"embeddable":true,"href":"https:\/\/bisbalpenedes.com\/web\/wp-json\/wp\/v2\/comments?post=27416"}],"version-history":[{"count":1,"href":"https:\/\/bisbalpenedes.com\/web\/wp-json\/wp\/v2\/posts\/27416\/revisions"}],"predecessor-version":[{"id":27418,"href":"https:\/\/bisbalpenedes.com\/web\/wp-json\/wp\/v2\/posts\/27416\/revisions\/27418"}],"wp:featuredmedia":[{"embeddable":true,"href":"https:\/\/bisbalpenedes.com\/web\/wp-json\/wp\/v2\/media\/27417"}],"wp:attachment":[{"href":"https:\/\/bisbalpenedes.com\/web\/wp-json\/wp\/v2\/media?parent=27416"}],"wp:term":[{"taxonomy":"category","embeddable":true,"href":"https:\/\/bisbalpenedes.com\/web\/wp-json\/wp\/v2\/categories?post=27416"},{"taxonomy":"post_tag","embeddable":true,"href":"https:\/\/bisbalpenedes.com\/web\/wp-json\/wp\/v2\/tags?post=27416"}],"curies":[{"name":"wp","href":"https:\/\/api.w.org\/{rel}","templated":true}]}}