{"id":27392,"date":"2023-09-04T16:57:27","date_gmt":"2023-09-04T14:57:27","guid":{"rendered":"https:\/\/bisbalpenedes.com\/web\/?p=27392"},"modified":"2023-09-04T16:59:13","modified_gmt":"2023-09-04T14:59:13","slug":"27392","status":"publish","type":"post","link":"https:\/\/bisbalpenedes.com\/web\/2023\/09\/04\/27392\/","title":{"rendered":"Ja sabeu quines s\u00f3n les pel\u00b7l\u00edcules del Cicle Gaud\u00ed que podreu veure properament i les entitats que gestionaran la taquilla?"},"content":{"rendered":"\n<p>El passat 1 de setembre es va fer el sorteig del Cicle Gaud\u00ed per decidir les entitats que gestionaran la taquilla els dies que es projectin les pel\u00b7l\u00edcules.<\/p>\n\n\n\n<p>El resultat del sorteig va ser el seg\u00fcent:<\/p>\n\n\n\n<ul><li>Dissabte 30 de setembre: Associaci\u00f3 de Dones La Roca Foradada. Pel\u00b7l\u00edcula: Especies de abejas.<\/li><li>Dissabte 28 d&#8217;octubre: Senderistes Bisbalencs. Pel\u00b7l\u00edcula: Las buenas compa\u00f1\u00edas.<\/li><li>Dissabte 25 de novembre: Associaci\u00f3 de Cors Antistiana. Pel\u00b7l\u00edcula: Els encantats.<\/li><li>Dissabte 16 de desembre: Associaci\u00f3 de la Gent Gran. Pel\u00b7l\u00edcula: Un cel de plom.<\/li><li>Dissabte 27 de gener: Grup de Geganters i Grallers de la Societat. Pel\u00b7l\u00edcula: a determinar.<\/li><\/ul>\n\n\n\n<p>Com \u00e9s habitual, la regidora de Cultura, Judith Vidal, va convidar totes les entitats a entrar a formar part del sorteig. Les que gestionaran la taquilla s\u00f3n totes les que es van presentar.<\/p>\n\n\n\n<hr class=\"wp-block-separator has-alpha-channel-opacity\"\/>\n\n\n\n<p><strong>CASTELLANO |&nbsp;<\/strong>El pasado 1 de septiembre se hizo el sorteo del Cicle Gaud\u00ed para decidir las entidades que gestionar\u00e1n la taquilla los d\u00edas que se proyecten las pel\u00edculas.<\/p>\n\n\n\n<ul><li>S\u00e1bado 30 de septiembre: Associaci\u00f3 de Dones La Roca Foradada. Pel\u00edcula: Especies de abejas.<\/li><li>S\u00e1bado 28 de octubre: Senderistes Bisbalencs. Pel\u00edcula: Las buenas compa\u00f1\u00edas.<\/li><li>S\u00e1bado 25 de noviembre: Associaci\u00f3 de Cors Antistiana. Pel\u00edcula: Els encantats.<\/li><li>S\u00e1bado 16 de diciembre: Associaci\u00f3 de la Gent Gran. Pel\u00edcula: Un cel de plom.<\/li><li>S\u00e1bado 27 de enero: Grup de Geganters i Grallers de la Societat. Pel\u00edcula: a determinar.<\/li><\/ul>\n\n\n\n<p>El resultado del sorteo fue el siguiente:<\/p>\n\n\n\n<p>Como es habitual, la concejala de Cultura, Judith Vidal, invit\u00f3 a todas las entidades a entrar a formar parte del sorteo. Las que gestionar\u00e1n la taquilla son todas las que se presentaron.&nbsp;<\/p>\n","protected":false},"excerpt":{"rendered":"<p>El passat 1 de setembre es va fer el sorteig del Cicle Gaud\u00ed per decidir les entitats que gestionaran la taquilla els dies que es projectin les pel\u00b7l\u00edcules. El resultat &hellip; <a href=\"https:\/\/bisbalpenedes.com\/web\/2023\/09\/04\/27392\/\" class=\"more-link\">Read More<\/a><\/p>\n","protected":false},"author":4,"featured_media":27393,"comment_status":"closed","ping_status":"closed","sticky":false,"template":"","format":"standard","meta":[],"categories":[13,8],"tags":[225,754,1374],"_links":{"self":[{"href":"https:\/\/bisbalpenedes.com\/web\/wp-json\/wp\/v2\/posts\/27392"}],"collection":[{"href":"https:\/\/bisbalpenedes.com\/web\/wp-json\/wp\/v2\/posts"}],"about":[{"href":"https:\/\/bisbalpenedes.com\/web\/wp-json\/wp\/v2\/types\/post"}],"author":[{"embeddable":true,"href":"https:\/\/bisbalpenedes.com\/web\/wp-json\/wp\/v2\/users\/4"}],"replies":[{"embeddable":true,"href":"https:\/\/bisbalpenedes.com\/web\/wp-json\/wp\/v2\/comments?post=27392"}],"version-history":[{"count":2,"href":"https:\/\/bisbalpenedes.com\/web\/wp-json\/wp\/v2\/posts\/27392\/revisions"}],"predecessor-version":[{"id":27395,"href":"https:\/\/bisbalpenedes.com\/web\/wp-json\/wp\/v2\/posts\/27392\/revisions\/27395"}],"wp:featuredmedia":[{"embeddable":true,"href":"https:\/\/bisbalpenedes.com\/web\/wp-json\/wp\/v2\/media\/27393"}],"wp:attachment":[{"href":"https:\/\/bisbalpenedes.com\/web\/wp-json\/wp\/v2\/media?parent=27392"}],"wp:term":[{"taxonomy":"category","embeddable":true,"href":"https:\/\/bisbalpenedes.com\/web\/wp-json\/wp\/v2\/categories?post=27392"},{"taxonomy":"post_tag","embeddable":true,"href":"https:\/\/bisbalpenedes.com\/web\/wp-json\/wp\/v2\/tags?post=27392"}],"curies":[{"name":"wp","href":"https:\/\/api.w.org\/{rel}","templated":true}]}}