{"id":27387,"date":"2023-09-04T14:11:53","date_gmt":"2023-09-04T12:11:53","guid":{"rendered":"https:\/\/bisbalpenedes.com\/web\/?p=27387"},"modified":"2023-09-04T14:11:53","modified_gmt":"2023-09-04T12:11:53","slug":"les-regidories-de-gestio-de-residus-i-ensenyament-i-ecobp-han-visitat-linstitut-coster-de-la-torre-per-oferir-una-sessio-informativa-sobre-reciclatge","status":"publish","type":"post","link":"https:\/\/bisbalpenedes.com\/web\/2023\/09\/04\/les-regidories-de-gestio-de-residus-i-ensenyament-i-ecobp-han-visitat-linstitut-coster-de-la-torre-per-oferir-una-sessio-informativa-sobre-reciclatge\/","title":{"rendered":"Les Regidories de Gesti\u00f3 de Residus i Ensenyament i ECOBP han visitat l&#8217;institut Coster de la Torre per oferir una sessi\u00f3 informativa sobre reciclatge"},"content":{"rendered":"\n<p>El regidor de Gesti\u00f3 de Residus i Ensenyament, Dani Caballero; i la t\u00e8cnica educadora d&#8217;ECOBP han visitat l&#8217;Institut Coster de la Torre, aquest mat\u00ed, per oferir una sessi\u00f3 informativa adre\u00e7ada al professorat per potenciar les bones pr\u00e0ctiques de reciclatge al centre educatiu.<\/p>\n\n\n\n<p>L&#8217;objectiu d&#8217;aquesta acci\u00f3 era incidir en el fet que des de l&#8217;institut s&#8217;han de seguir bones pr\u00e0ctiques de reciclatge i que, alhora, els professors puguin transmetre aquestes bones pr\u00e0ctiques a l&#8217;alumnat.<\/p>\n\n\n\n<hr class=\"wp-block-separator has-alpha-channel-opacity\"\/>\n\n\n\n<p>El concejal de Gesti\u00f3n de Residuos y Educaci\u00f3n, Dani Caballero; y la t\u00e9cnica educadora de ECOBP han visitado el Institut Coster de la Torre, esta ma\u00f1ana, para ofrecer una sesi\u00f3n informativa dirigida al profesorado para potenciar las buenas pr\u00e1cticas de reciclaje en el centro educativo.<\/p>\n\n\n\n<p>El objetivo de esta acci\u00f3n era incidir en el hecho que desde el instituto se deben seguir unas buenas pr\u00e1cticas de reciclaje y que, a la vez, los profesores puedan transmitir estas buenas pr\u00e1cticas al alumnado.<\/p>\n\n\n\n<figure class=\"wp-block-image size-large\"><img loading=\"lazy\" width=\"1024\" height=\"768\" src=\"https:\/\/bisbalpenedes.com\/web\/wp-content\/uploads\/2023\/09\/FOTO-1-XERRADA-ESCOLA-ECOPB-1024x768.png\" alt=\"\" class=\"wp-image-27389\" srcset=\"https:\/\/bisbalpenedes.com\/web\/wp-content\/uploads\/2023\/09\/FOTO-1-XERRADA-ESCOLA-ECOPB-1024x768.png 1024w, https:\/\/bisbalpenedes.com\/web\/wp-content\/uploads\/2023\/09\/FOTO-1-XERRADA-ESCOLA-ECOPB-300x225.png 300w, https:\/\/bisbalpenedes.com\/web\/wp-content\/uploads\/2023\/09\/FOTO-1-XERRADA-ESCOLA-ECOPB-768x576.png 768w, https:\/\/bisbalpenedes.com\/web\/wp-content\/uploads\/2023\/09\/FOTO-1-XERRADA-ESCOLA-ECOPB-1536x1152.png 1536w, https:\/\/bisbalpenedes.com\/web\/wp-content\/uploads\/2023\/09\/FOTO-1-XERRADA-ESCOLA-ECOPB-600x450.png 600w, https:\/\/bisbalpenedes.com\/web\/wp-content\/uploads\/2023\/09\/FOTO-1-XERRADA-ESCOLA-ECOPB.png 2000w\" sizes=\"(max-width: 1024px) 100vw, 1024px\" \/><\/figure>\n","protected":false},"excerpt":{"rendered":"<p>El regidor de Gesti\u00f3 de Residus i Ensenyament, Dani Caballero; i la t\u00e8cnica educadora d&#8217;ECOBP han visitat l&#8217;Institut Coster de la Torre, aquest mat\u00ed, per oferir una sessi\u00f3 informativa adre\u00e7ada &hellip; <a href=\"https:\/\/bisbalpenedes.com\/web\/2023\/09\/04\/les-regidories-de-gestio-de-residus-i-ensenyament-i-ecobp-han-visitat-linstitut-coster-de-la-torre-per-oferir-una-sessio-informativa-sobre-reciclatge\/\" class=\"more-link\">Read More<\/a><\/p>\n","protected":false},"author":4,"featured_media":27388,"comment_status":"closed","ping_status":"closed","sticky":false,"template":"","format":"standard","meta":[],"categories":[3456,3215,8],"tags":[459,332,862,566,393,1374,627,1182],"_links":{"self":[{"href":"https:\/\/bisbalpenedes.com\/web\/wp-json\/wp\/v2\/posts\/27387"}],"collection":[{"href":"https:\/\/bisbalpenedes.com\/web\/wp-json\/wp\/v2\/posts"}],"about":[{"href":"https:\/\/bisbalpenedes.com\/web\/wp-json\/wp\/v2\/types\/post"}],"author":[{"embeddable":true,"href":"https:\/\/bisbalpenedes.com\/web\/wp-json\/wp\/v2\/users\/4"}],"replies":[{"embeddable":true,"href":"https:\/\/bisbalpenedes.com\/web\/wp-json\/wp\/v2\/comments?post=27387"}],"version-history":[{"count":1,"href":"https:\/\/bisbalpenedes.com\/web\/wp-json\/wp\/v2\/posts\/27387\/revisions"}],"predecessor-version":[{"id":27390,"href":"https:\/\/bisbalpenedes.com\/web\/wp-json\/wp\/v2\/posts\/27387\/revisions\/27390"}],"wp:featuredmedia":[{"embeddable":true,"href":"https:\/\/bisbalpenedes.com\/web\/wp-json\/wp\/v2\/media\/27388"}],"wp:attachment":[{"href":"https:\/\/bisbalpenedes.com\/web\/wp-json\/wp\/v2\/media?parent=27387"}],"wp:term":[{"taxonomy":"category","embeddable":true,"href":"https:\/\/bisbalpenedes.com\/web\/wp-json\/wp\/v2\/categories?post=27387"},{"taxonomy":"post_tag","embeddable":true,"href":"https:\/\/bisbalpenedes.com\/web\/wp-json\/wp\/v2\/tags?post=27387"}],"curies":[{"name":"wp","href":"https:\/\/api.w.org\/{rel}","templated":true}]}}