{"id":2737,"date":"2017-07-05T02:34:49","date_gmt":"2017-07-04T20:34:49","guid":{"rendered":"http:\/\/bisbalpenedes.com\/web\/?p=2737"},"modified":"2017-07-05T02:58:14","modified_gmt":"2017-07-04T20:58:14","slug":"festes-dels-barris-2017-aquest-cap-de-setmana-barri-de-la-riba-i-ortigos","status":"publish","type":"post","link":"https:\/\/bisbalpenedes.com\/web\/2017\/07\/05\/festes-dels-barris-2017-aquest-cap-de-setmana-barri-de-la-riba-i-ortigos\/","title":{"rendered":"Festes dels barris 2017. Aquest cap de setmana: Barri de La Riba i Ortig\u00f3s"},"content":{"rendered":"<p>Com cada any, l&#8217;Ajuntament de La Bisbal del Pened\u00e8s us ofereix el programa de festes dels barris que inclou les festes i activitats que tenen lloc pr\u00e0cticament durant tots els caps de setmana d&#8217;estiu.<a href=\"http:\/\/bisbalpenedes.com\/web\/wp-content\/uploads\/2017\/07\/itfc70csxexwkkzh_000.jpg\"><br \/>\n<\/a><a href=\"http:\/\/bisbalpenedes.com\/web\/wp-content\/uploads\/2017\/07\/itfc70csxexwkkzh_000.jpg\"><img loading=\"lazy\" class=\"aligncenter size-medium wp-image-2738\" title=\"Barris masieta ortigos miralba\" src=\"http:\/\/bisbalpenedes.com\/web\/wp-content\/uploads\/2017\/07\/itfc70csxexwkkzh_000-142x300.jpg\" alt=\"\" width=\"142\" height=\"300\" srcset=\"https:\/\/bisbalpenedes.com\/web\/wp-content\/uploads\/2017\/07\/itfc70csxexwkkzh_000-142x300.jpg 142w, https:\/\/bisbalpenedes.com\/web\/wp-content\/uploads\/2017\/07\/itfc70csxexwkkzh_000-487x1024.jpg 487w\" sizes=\"(max-width: 142px) 100vw, 142px\" \/><\/a><\/p>\n<p><strong>BARRI DE LA RIBA<\/strong><\/p>\n<p>Divendres 7 de juliol i dissabte 8 de juliol el Barri de La Riba celebra la seva festa del Barri.<\/p>\n<p>Divendres 7 a les 21:30h hi haur\u00e0 Sardinada i actuaci\u00f3 del m\u00fasic Eduard S\u00e1nchez.<\/p>\n<p>Dissabte 8 a les 17.30h sortiran les parelles amb les coques del Pa Bene\u00eft acompanyades dels Grallers de La Societat. Tot seguit tindr\u00e0 lloc una animaci\u00f3 infantil que anir\u00e0 a c\u00e0rrec de &#8220;La Pallassa Tona&#8221;.<\/p>\n<p>A les 23.30h tindr\u00e0 lloc el ball de nit amb el grup Slalom.<\/p>\n<p>&nbsp;<\/p>\n<p><strong>L&#8217;ORTIG\u00d3S<\/strong><\/p>\n<p style=\"text-align: left;\">Diumenge 9 de juliol a les 20h hi haur\u00e0 cantada d&#8217;havaneres i rom cremat amb el grup Port Vell. En finalitzat s&#8217;oferir\u00e0 coca i cava per a tothom. Podeu escoltar &#8220;Escolta el vent&#8221; del grup Port Vell en el reproductor que trobareu a continuaci\u00f3:<br \/>\n<a href=\"http:\/\/bisbalpenedes.com\/web\/wp-content\/uploads\/2017\/07\/FESTA-ORTIGOS-17A.jpg\"><img loading=\"lazy\" class=\"size-medium wp-image-2741\" title=\"FESTA-ORTIGOS-17A\" src=\"http:\/\/bisbalpenedes.com\/web\/wp-content\/uploads\/2017\/07\/FESTA-ORTIGOS-17A-213x300.jpg\" alt=\"\" width=\"213\" height=\"300\" srcset=\"https:\/\/bisbalpenedes.com\/web\/wp-content\/uploads\/2017\/07\/FESTA-ORTIGOS-17A-213x300.jpg 213w, https:\/\/bisbalpenedes.com\/web\/wp-content\/uploads\/2017\/07\/FESTA-ORTIGOS-17A-600x842.jpg 600w, https:\/\/bisbalpenedes.com\/web\/wp-content\/uploads\/2017\/07\/FESTA-ORTIGOS-17A-729x1024.jpg 729w, https:\/\/bisbalpenedes.com\/web\/wp-content\/uploads\/2017\/07\/FESTA-ORTIGOS-17A.jpg 850w\" sizes=\"(max-width: 213px) 100vw, 213px\" \/><\/a><video width=\"320\" height=\"240\" controls=\"controls\" name=\"media\"><source src=\"http:\/\/www.portvell.net\/cansons_2017\/escolta_el_vent_22_4_2017.mp3\" type=\"audio\/mpeg\" \/><\/video><\/p>\n<p>Les festes dels barris de La Bisbal del Pened\u00e8s continuaran en les dates i barris seg\u00fcents:<\/p>\n<ul>\n<li>15 de juliol: La Miralba<\/li>\n<li>23 de juliol: La Masieta<\/li>\n<li>28, 29 i 30 de juliol: L&#8217;Esplai<\/li>\n<li>4,5 i 6 d&#8217;agost: Can Gordei<\/li>\n<li>19 i 20 d&#8217;agost: Priorat de La Bisbal<\/li>\n<\/ul>\n<p>&nbsp;<\/p>\n<p>Des de l&#8217;Ajuntament de La Bisbal del pened\u00e8s us n&#8217;anirem donant els detalls. No obstant aix\u00f2 us adjuntem el programa de festes que inclou: L&#8217;Ortig\u00f3s, La Miralba, La Masieta, L&#8217;Esplai, Can Gordei i El Priorat.<\/p>\n<p>-Programa de festes en catal\u00e0:\u00a0<a href=\"http:\/\/bisbalpenedes.com\/web\/wp-content\/uploads\/2017\/07\/programa_barris_2017_def_cat.pdf\">programa_barris_2017_def_cat<\/a><\/p>\n<p>-Programa de fiestas en castellano:\u00a0<a href=\"http:\/\/bisbalpenedes.com\/web\/wp-content\/uploads\/2017\/07\/programa_barris_2017_def_cas.pdf\">programa_barris_2017_def_cas<\/a><\/p>\n<p>&nbsp;<\/p>\n","protected":false},"excerpt":{"rendered":"<p>Com cada any, l&#8217;Ajuntament de La Bisbal del Pened\u00e8s us ofereix el programa de festes dels barris que inclou les festes i activitats que tenen lloc pr\u00e0cticament durant tots els &hellip; <a href=\"https:\/\/bisbalpenedes.com\/web\/2017\/07\/05\/festes-dels-barris-2017-aquest-cap-de-setmana-barri-de-la-riba-i-ortigos\/\" class=\"more-link\">Read More<\/a><\/p>\n","protected":false},"author":4,"featured_media":2738,"comment_status":"closed","ping_status":"closed","sticky":false,"template":"","format":"standard","meta":[],"categories":[13,398],"tags":[77,198,73,359,50,589,276,587,246,588,137,126,452],"_links":{"self":[{"href":"https:\/\/bisbalpenedes.com\/web\/wp-json\/wp\/v2\/posts\/2737"}],"collection":[{"href":"https:\/\/bisbalpenedes.com\/web\/wp-json\/wp\/v2\/posts"}],"about":[{"href":"https:\/\/bisbalpenedes.com\/web\/wp-json\/wp\/v2\/types\/post"}],"author":[{"embeddable":true,"href":"https:\/\/bisbalpenedes.com\/web\/wp-json\/wp\/v2\/users\/4"}],"replies":[{"embeddable":true,"href":"https:\/\/bisbalpenedes.com\/web\/wp-json\/wp\/v2\/comments?post=2737"}],"version-history":[{"count":14,"href":"https:\/\/bisbalpenedes.com\/web\/wp-json\/wp\/v2\/posts\/2737\/revisions"}],"predecessor-version":[{"id":2744,"href":"https:\/\/bisbalpenedes.com\/web\/wp-json\/wp\/v2\/posts\/2737\/revisions\/2744"}],"wp:featuredmedia":[{"embeddable":true,"href":"https:\/\/bisbalpenedes.com\/web\/wp-json\/wp\/v2\/media\/2738"}],"wp:attachment":[{"href":"https:\/\/bisbalpenedes.com\/web\/wp-json\/wp\/v2\/media?parent=2737"}],"wp:term":[{"taxonomy":"category","embeddable":true,"href":"https:\/\/bisbalpenedes.com\/web\/wp-json\/wp\/v2\/categories?post=2737"},{"taxonomy":"post_tag","embeddable":true,"href":"https:\/\/bisbalpenedes.com\/web\/wp-json\/wp\/v2\/tags?post=2737"}],"curies":[{"name":"wp","href":"https:\/\/api.w.org\/{rel}","templated":true}]}}