{"id":27363,"date":"2023-08-30T10:37:15","date_gmt":"2023-08-30T08:37:15","guid":{"rendered":"https:\/\/bisbalpenedes.com\/web\/?p=27363"},"modified":"2023-08-30T10:37:15","modified_gmt":"2023-08-30T08:37:15","slug":"actes-amb-motiu-de-la-diada-nacional-de-catalunya-2","status":"publish","type":"post","link":"https:\/\/bisbalpenedes.com\/web\/2023\/08\/30\/actes-amb-motiu-de-la-diada-nacional-de-catalunya-2\/","title":{"rendered":"Actes amb motiu de la Diada Nacional de Catalunya"},"content":{"rendered":"\n<p>Amb motiu de la commemoraci\u00f3 de la Diada Nacional de Catalunya, el proper dissabte 9 de setembre es duran a terme diversos actes. Us adjuntem el cartell amb les activitats previstes.<\/p>\n\n\n\n<hr class=\"wp-block-separator has-alpha-channel-opacity\"\/>\n\n\n\n<p><strong>CASTELLANO |<\/strong>&nbsp;Con motivo de la conmemoraci\u00f3n de la Diada Nacional de Catalunya, el pr\u00f3ximo s\u00e1bado 9 de septiembre se llevar\u00e1n a cabo varios actos. Os adjuntamos el cartel con todas las actividades previstas.<\/p>\n","protected":false},"excerpt":{"rendered":"<p>Amb motiu de la commemoraci\u00f3 de la Diada Nacional de Catalunya, el proper dissabte 9 de setembre es duran a terme diversos actes. Us adjuntem el cartell amb les activitats &hellip; <a href=\"https:\/\/bisbalpenedes.com\/web\/2023\/08\/30\/actes-amb-motiu-de-la-diada-nacional-de-catalunya-2\/\" class=\"more-link\">Read More<\/a><\/p>\n","protected":false},"author":4,"featured_media":27364,"comment_status":"closed","ping_status":"closed","sticky":false,"template":"","format":"standard","meta":[],"categories":[2293,2942,20,8],"tags":[4018,6194,230,1198,459,3202,393,1374],"_links":{"self":[{"href":"https:\/\/bisbalpenedes.com\/web\/wp-json\/wp\/v2\/posts\/27363"}],"collection":[{"href":"https:\/\/bisbalpenedes.com\/web\/wp-json\/wp\/v2\/posts"}],"about":[{"href":"https:\/\/bisbalpenedes.com\/web\/wp-json\/wp\/v2\/types\/post"}],"author":[{"embeddable":true,"href":"https:\/\/bisbalpenedes.com\/web\/wp-json\/wp\/v2\/users\/4"}],"replies":[{"embeddable":true,"href":"https:\/\/bisbalpenedes.com\/web\/wp-json\/wp\/v2\/comments?post=27363"}],"version-history":[{"count":1,"href":"https:\/\/bisbalpenedes.com\/web\/wp-json\/wp\/v2\/posts\/27363\/revisions"}],"predecessor-version":[{"id":27365,"href":"https:\/\/bisbalpenedes.com\/web\/wp-json\/wp\/v2\/posts\/27363\/revisions\/27365"}],"wp:featuredmedia":[{"embeddable":true,"href":"https:\/\/bisbalpenedes.com\/web\/wp-json\/wp\/v2\/media\/27364"}],"wp:attachment":[{"href":"https:\/\/bisbalpenedes.com\/web\/wp-json\/wp\/v2\/media?parent=27363"}],"wp:term":[{"taxonomy":"category","embeddable":true,"href":"https:\/\/bisbalpenedes.com\/web\/wp-json\/wp\/v2\/categories?post=27363"},{"taxonomy":"post_tag","embeddable":true,"href":"https:\/\/bisbalpenedes.com\/web\/wp-json\/wp\/v2\/tags?post=27363"}],"curies":[{"name":"wp","href":"https:\/\/api.w.org\/{rel}","templated":true}]}}