{"id":27352,"date":"2023-08-28T15:02:20","date_gmt":"2023-08-28T13:02:20","guid":{"rendered":"https:\/\/bisbalpenedes.com\/web\/?p=27352"},"modified":"2023-09-08T10:19:20","modified_gmt":"2023-09-08T08:19:20","slug":"els-pressupostos-participatius-2023-es-podran-votar-a-partir-del-9-de-setembre","status":"publish","type":"post","link":"https:\/\/bisbalpenedes.com\/web\/2023\/08\/28\/els-pressupostos-participatius-2023-es-podran-votar-a-partir-del-9-de-setembre\/","title":{"rendered":"Els Pressupostos Participatius 2023 es podran votar a partir del 16 de setembre"},"content":{"rendered":"\n<p>Un any m\u00e9s, els ve\u00efns i ve\u00efnes del municipi podreu votar les propostes dels Pressupostos Participatius als diferents nuclis de poblaci\u00f3.<\/p>\n\n\n\n<p>Tamb\u00e9 es podr\u00e0 votar a l\u2019Ajuntament durant la setmana seg\u00fcent, en cas que els ve\u00efns no h\u00e0giu pogut anar a votar el dia proposat al vostre barri.<\/p>\n\n\n\n<p>Cada habitatge -sigueu ve\u00efns empadronats o no- podr\u00e0 emetre un vot.<\/p>\n\n\n\n<p>Aquests s\u00f3n els dies i les hores en qu\u00e8 es podr\u00e0 votar als diferents nuclis:<\/p>\n\n\n\n<ul><li><strong>Can Gordei:<\/strong>&nbsp;dissabte 16 de setembre de 10 a 12h (al local social de Can Gordei)<\/li><li><strong>L\u2019Esplai i la Masieta:&nbsp;<\/strong>dissabte 16 de setembre de 12:30h a 14:00h (al local social de l\u2019Esplai)<\/li><li><strong>Priorat:<\/strong>&nbsp;dissabte 16 de setembre de 18 a 20h (al local social del Priorat)<\/li><li><strong>El Papagai:<\/strong>&nbsp;diumenge 17 de setembre de&nbsp;10h a 11:30h (al davant del parc)<\/li><li><strong>L\u2019Ortig\u00f3s:<\/strong>&nbsp;diumenge 17 de setembre&nbsp;de 12h a 13h (al davant del Mas del Sol)<\/li><li><strong>La Pineda de Santa Cristina:<\/strong>&nbsp;diumenge 17 de setembre de 17 a 18h (al carrer Bages)<\/li><li><strong>La Miralba<\/strong>:&nbsp;diumenge 17 de setembre de 18:30h a 20:00h (al local social de la Miralba)<\/li><li><strong>El nucli:<\/strong>&nbsp;dimecres 20 de setembre de 10:00h a 12:00h (a la Pla\u00e7a Catalunya)<\/li><\/ul>\n\n\n\n<p><strong>Trobareu els papers per votar en cada punt de votaci\u00f3.<\/strong><\/p>\n\n\n\n<p>El recompte de vots es far\u00e0 quan s\u2019acabi l\u2019horari de votacions i es gravar\u00e0 per publicar-lo a les xarxes socials. Val a dir que, tot i que es faci aquest recompte, encara pot variar amb els vots que els ve\u00efns o ve\u00efnes puguin adre\u00e7ar directament a l\u2019Ajuntament, en cas de no poder venir a votar el dia en qu\u00e8 es faci al seu barri.<\/p>\n\n\n\n<p>Us recordem que les propostes per als pressupostos participatius es podien presentar del 7 al 22 de juliol mitjan\u00e7ant el web municipal.<\/p>\n\n\n\n<p>Aquestes s\u00f3n les propostes que es podran votar:<\/p>\n\n\n\n<p><strong>El Papagai:<\/strong><\/p>\n\n\n\n<ul><li>Aparells cal\u00b7list\u00e8nia per joves<\/li><li>Mur de pedra seca al parc perqu\u00e8 hi segui la gent gran<\/li><li>Desfibril\u00b7lador DEA i formaci\u00f3 per la seva utilitzaci\u00f3<\/li><\/ul>\n\n\n\n<p><strong>L\u2019Ortig\u00f3s:<\/strong><\/p>\n\n\n\n<ul><li>Formigonar l\u2019entrada del cam\u00ed &nbsp;de Ca l\u2019Alegret<\/li><\/ul>\n\n\n\n<ul><li>Desfibril\u00b7lador DEA i formaci\u00f3 per la seva utilitzaci\u00f3<\/li><\/ul>\n\n\n\n<p><strong>L\u2019Esplai:<\/strong><\/p>\n\n\n\n<ul><li>Aparells de cal\u00b7list\u00e8nia per joves a l\u2019exterior del local social de l\u2019Esplai<\/li><li>Desfibril\u00b7lador DEA i formaci\u00f3 per la seva utilitzaci\u00f3<\/li><li>Aparells de gimn\u00e0stica d\u2019exterior al local social de l\u2019Esplai<\/li><\/ul>\n\n\n\n<p><strong>La Masieta:<\/strong><\/p>\n\n\n\n<ul><li>Formigonar part del carrer Avet<\/li><li>Formigonar part del carrer Palmera amb Figuera<\/li><li>Formigonar una part del carrer Eucaliptus fins el carrer Avet<\/li><li>Formigonar la part que falta del carrer Olivera<\/li><\/ul>\n\n\n\n<p><strong>La Pineda de Santa Cristina:<\/strong><\/p>\n\n\n\n<ul><li>Formigonar part del carrer de pujada a l\u2019ermita<\/li><li>Formigonar part del carrer Baix Camp, del n\u00fam. 4 al 10<\/li><li>Formigonar part carrer Vall\u00e8s, del n\u00fam. 9 al 19<\/li><li>Formigonar part del carrer Segri\u00e0, del n\u00fam. 9 al 17<\/li><li>Formigonar part del carrer Garrotxa, del n\u00fam. 2 al 16<\/li><li>Formigonar part carrer Baix Pened\u00e8s, del n\u00fam. 27 al 35<\/li><li>Formigonar part carrer Anoia, del n\u00fam. 15 al 23<\/li><li>Formigonar part del carrer Montsi\u00e0, del n\u00fam. 83 al 91<\/li><\/ul>\n\n\n\n<p><strong>El nucli:<\/strong><\/p>\n\n\n\n<ul><li>Parc de cal\u00b7list\u00e8ncia pels joves, al costat de l\u2019edifici del rebost solidari<\/li><li>Arreglar part peatonal de les cases del torrent cap a dalt el carrer<\/li><li>Taules de ping-pong d\u2019exterior al parc de la Riba<\/li><\/ul>\n\n\n\n<p><strong>La Miralba:<\/strong><\/p>\n\n\n\n<ul><li>Parc infantil al costat del local social<\/li><li>Aparells de cal\u00b7list\u00e8nia per joves a l\u2019exterior del local social<\/li><li>Desfibril\u00b7lador DEA i formaci\u00f3 per la seva utilitzaci\u00f3<\/li><\/ul>\n\n\n\n<p><strong>Can Gordei:<\/strong><\/p>\n\n\n\n<ul><li>Desfibril\u00b7lador DEA i formaci\u00f3 per la seva utilitzaci\u00f3<\/li><li>Punt de rec\u00e0rrega per cotxes el\u00e8ctrics i h\u00edbrids endollables<\/li><li>Aparells de cal\u00b7list\u00e8nia per joves al parc del carrer Cardener<\/li><li>Parc infantil al parc del carrer Cardener<\/li><li>Barbacoes i taules de p\u00edcnic a l\u2019exterior del local social<\/li><\/ul>\n\n\n\n<p><strong>Priorat:<\/strong><\/p>\n\n\n\n<ul><li>Cistelles de b\u00e0squet a la pista del local social<\/li><li>Punt rec\u00e0rrega per cotxe el\u00e8ctric o h\u00edbrid endollable, a l\u2019exterior del local social<\/li><li>Desfibril\u00b7lador DEA i formaci\u00f3 per la seva utilitzaci\u00f3<\/li><li>Aparells de cal\u00b7list\u00e8nia al parc de la extra del Priorat<\/li><li>Aparells per a <em>agility <\/em>de gossos a la extra del Priorat<\/li><\/ul>\n\n\n\n<hr class=\"wp-block-separator has-alpha-channel-opacity\"\/>\n\n\n\n<p><strong>CASTELLANO |<\/strong>&nbsp;Un a\u00f1o m\u00e1s, los vecinos y vecinas del municipio podr\u00e9is votar las propuestas de los Presupuestos Participativos en los distintos n\u00facleos de poblaci\u00f3n.<\/p>\n\n\n\n<p>Tambi\u00e9n se podr\u00e1 votar en el Ayuntamiento durante la semana siguiente, en caso de que los vecinos no hay\u00e1is podido ir a votar el d\u00eda propuesto en vuestro barrio.<\/p>\n\n\n\n<p>Cada vivienda -se\u00e1is vecinos empadronados o no- podr\u00e1 emitir un voto.<\/p>\n\n\n\n<p>Estos son los d\u00edas y las horas en los que se podr\u00e1 votar en los distintos n\u00facleos:<\/p>\n\n\n\n<ul><li><strong>Can Gordei:<\/strong>&nbsp;s\u00e1bado 16 de septiembre de 10 a 12h (en el local social de Can Gordei)<\/li><li><strong>L\u2019Esplai i la Masieta:&nbsp;<\/strong>s\u00e1bado 16 de septiembre de 12:30h a 14:00h (en el local social de l\u2019Esplai)<\/li><li><strong>Priorat:<\/strong>&nbsp;s\u00e1bado 16 de septiembre de 18 a 20h (en el local social del Priorat)<\/li><li><strong>El Papagai:<\/strong>&nbsp;domingo 17 de septiembre de&nbsp;10h a 11:30h (delante del parque)<\/li><li><strong>L\u2019Ortig\u00f3s:<\/strong>&nbsp;domingo 17 de septiembre&nbsp;de 12h a 13h (delante del Mas del Sol)<\/li><li><strong>La Pineda de Santa Cristina:<\/strong>&nbsp;domingo 17 de septiembre de 17 a 18h (en la calle Bages)<\/li><li><strong>La Miralba<\/strong>:&nbsp;domingo 17 de septiembre de 18:30h a 20:00h (en el local social de la Miralba)<\/li><li><strong>El nucli:<\/strong>&nbsp;mi\u00e9rcoles 20 de septiembre de 10:00h a 12:00h (en la Pla\u00e7a Catalunya)<\/li><\/ul>\n\n\n\n<p><strong>Encontrar\u00e9is los papeles para votar en cada punto de votaci\u00f3n.<\/strong><\/p>\n\n\n\n<p>El recuento de votos se har\u00e1 cuando termine el horario de votaciones y se grabar\u00e1 para publicarlo en las redes sociales. Cabe decir que, aunque se haga este recuento, todav\u00eda puede variar con los votos que los vecinos o vecinas puedan dirigir directamente al Ayuntamiento, en caso de no poder venir a votar el d\u00eda en el que se haga en su barrio.<\/p>\n\n\n\n<p>Os recordamos que las propuestas para los presupuestos participativos se pod\u00edan presentar del 7 al 22 de julio mediante la web municipal.<\/p>\n\n\n\n<p>Estas son las propuestas que se podr\u00e1n votar:<\/p>\n\n\n\n<p><strong>El Papagai:<\/strong><\/p>\n\n\n\n<ul><li>Aparatos de calistenia para j\u00f3venes<\/li><li>Muro de piedra seca en el parque para que se siente la gente mayor.<\/li><li>Desfibrilador DEA y formaci\u00f3n para su utilizaci\u00f3n<\/li><\/ul>\n\n\n\n<p><strong>L&#8217;Ortig\u00f3s:<\/strong><\/p>\n\n\n\n<ul><li>Hormigonar la entrada del camino de Ca l&#8217;Alegret<\/li><li>Desfibrilador DEA y formaci\u00f3n para su utilizaci\u00f3n<\/li><\/ul>\n\n\n\n<p><strong>L&#8217;Esplai:<\/strong><\/p>\n\n\n\n<ul><li>Aparatos de calistenia para j\u00f3venes en el exterior del local social del Esplai<\/li><li>Desfibrilador DEA y formaci\u00f3n para su utilizaci\u00f3n<\/li><li>Aparatos de gimnasia de exterior en el local social<\/li><\/ul>\n\n\n\n<p><strong>La Masieta:<\/strong><\/p>\n\n\n\n<ul><li>Hormigonar parte de la calle Avet<\/li><li>Hormigonar parte de la calle Palmera con Figuera<\/li><li>Hormigonar una parte de la calle Eucaliptus hasta la calle Avet<\/li><li>Hormigonar la parte que falta de la calle Olivera<\/li><\/ul>\n\n\n\n<p><strong>La Pineda de Santa Cristina:<\/strong><\/p>\n\n\n\n<ul><li>Hormigonar parte de la calle de subida a la ermita<\/li><li>Hormigonar parte de la calle Baix Camp, del n\u00famero 4 al 10<\/li><li>Hormigonar parte de la calle Vall\u00e8s, del n\u00famero 9 al 19<\/li><li>Hormigonar parte de la calle Segri\u00e0, del n\u00famero 9 al 17<\/li><li>Hormigonar parte de la calle Garrotxa, del n\u00fam. 2 al 16<\/li><li>Hormigonar parte de la calle Baix Pened\u00e8s, del n\u00fam. 27 al 35<\/li><li>Hormigonar parte de la calle Anoia, del n\u00fam. 15 al 23<\/li><li>Hormigonar parte de la calle Montsi\u00e0, del n\u00fam. 83 al 91<\/li><\/ul>\n\n\n\n<p><strong>N\u00facleo:<\/strong><\/p>\n\n\n\n<ul><li>Parque de calistenia para los j\u00f3venes, al lado del edificio del Rebost Solidari<\/li><li>Arreglar la parte peatonal de &#8216;Les cases del torrent&#8217; hacia arriba de la calle<\/li><li>Mesas de ping-pong en el exterior del parque de la Riba<\/li><\/ul>\n\n\n\n<p><strong>La Miralba:<\/strong><\/p>\n\n\n\n<ul><li>Parque infantil al lado del local social<\/li><li>Aparatos de calistenia para j\u00f3venes en el exterior del local social<\/li><li>Desfibrilador DEA y formaci\u00f3n para su utilizaci\u00f3n<\/li><\/ul>\n\n\n\n<p><strong>Can Gordei:<\/strong><\/p>\n\n\n\n<ul><li>Desfibrilador DEA y formaci\u00f3n para su utilizaci\u00f3n<\/li><li>Punto de recarga para coches el\u00e9ctricos e h\u00edbridos enchufables<\/li><li>Aparatos de calistenia para j\u00f3venes en el parque de la calle Cardener<\/li><li>Parque infantil en la plaza de la calle Cardener<\/li><li>Barbacoas y mesas de p\u00edcnic en el exterior del local social<\/li><\/ul>\n\n\n\n<p><strong>Priorat:<\/strong><\/p>\n\n\n\n<ul><li>Cestas de baloncesto en la pista del local social<\/li><li>Punto de recarga para coche el\u00e9ctrico o h\u00edbrido enchufable, en el exterior del local social<\/li><li>Desfibrilador DEA y formaci\u00f3n para su utilizaci\u00f3n<\/li><li>Aparatos de calistenia en el parque de la extra del Priorat<\/li><li>Aparatos para <em>agility<\/em> de perros en la extra del Priorat<\/li><\/ul>\n","protected":false},"excerpt":{"rendered":"<p>Un any m\u00e9s, els ve\u00efns i ve\u00efnes del municipi podreu votar les propostes dels Pressupostos Participatius als diferents nuclis de poblaci\u00f3. Tamb\u00e9 es podr\u00e0 votar a l\u2019Ajuntament durant la setmana &hellip; <a href=\"https:\/\/bisbalpenedes.com\/web\/2023\/08\/28\/els-pressupostos-participatius-2023-es-podran-votar-a-partir-del-9-de-setembre\/\" class=\"more-link\">Read More<\/a><\/p>\n","protected":false},"author":4,"featured_media":27354,"comment_status":"closed","ping_status":"closed","sticky":false,"template":"","format":"standard","meta":[],"categories":[3835,8,6193],"tags":[393,1048],"_links":{"self":[{"href":"https:\/\/bisbalpenedes.com\/web\/wp-json\/wp\/v2\/posts\/27352"}],"collection":[{"href":"https:\/\/bisbalpenedes.com\/web\/wp-json\/wp\/v2\/posts"}],"about":[{"href":"https:\/\/bisbalpenedes.com\/web\/wp-json\/wp\/v2\/types\/post"}],"author":[{"embeddable":true,"href":"https:\/\/bisbalpenedes.com\/web\/wp-json\/wp\/v2\/users\/4"}],"replies":[{"embeddable":true,"href":"https:\/\/bisbalpenedes.com\/web\/wp-json\/wp\/v2\/comments?post=27352"}],"version-history":[{"count":7,"href":"https:\/\/bisbalpenedes.com\/web\/wp-json\/wp\/v2\/posts\/27352\/revisions"}],"predecessor-version":[{"id":27464,"href":"https:\/\/bisbalpenedes.com\/web\/wp-json\/wp\/v2\/posts\/27352\/revisions\/27464"}],"wp:featuredmedia":[{"embeddable":true,"href":"https:\/\/bisbalpenedes.com\/web\/wp-json\/wp\/v2\/media\/27354"}],"wp:attachment":[{"href":"https:\/\/bisbalpenedes.com\/web\/wp-json\/wp\/v2\/media?parent=27352"}],"wp:term":[{"taxonomy":"category","embeddable":true,"href":"https:\/\/bisbalpenedes.com\/web\/wp-json\/wp\/v2\/categories?post=27352"},{"taxonomy":"post_tag","embeddable":true,"href":"https:\/\/bisbalpenedes.com\/web\/wp-json\/wp\/v2\/tags?post=27352"}],"curies":[{"name":"wp","href":"https:\/\/api.w.org\/{rel}","templated":true}]}}