{"id":27348,"date":"2023-08-28T09:54:00","date_gmt":"2023-08-28T07:54:00","guid":{"rendered":"https:\/\/bisbalpenedes.com\/web\/?p=27348"},"modified":"2023-08-28T12:04:19","modified_gmt":"2023-08-28T10:04:19","slug":"la-junta-de-govern-del-dilluns-21-dagost-contenia-3-propostes-amb-competencia-delegada-del-ple","status":"publish","type":"post","link":"https:\/\/bisbalpenedes.com\/web\/2023\/08\/28\/la-junta-de-govern-del-dilluns-21-dagost-contenia-3-propostes-amb-competencia-delegada-del-ple\/","title":{"rendered":"La Junta de Govern del dilluns 21 d&#8217;agost contenia 3 propostes amb compet\u00e8ncia delegada del Ple"},"content":{"rendered":"\n<p>El dilluns 21 d\u2019agost es va celebrar una Junta de Govern que contenia tres propostes amb compet\u00e8ncia delegada del Ple, segons l\u2019acord plenari del 6 de juliol de 2023:<\/p>\n\n\n\n<ul><li>Ampliaci\u00f3 del termini d\u2019execuci\u00f3 de les obres de La Fassina.<\/li><li>Aprovar la certificaci\u00f3 n\u00famero 4 corresponent a les obres de construcci\u00f3 de La Fassina.<\/li><li>Aprovar la certificaci\u00f3 n\u00famero 7 corresponent a les obres del pavell\u00f3 poliesportiu municipal.<\/li><\/ul>\n\n\n\n<p>Les sessions de la Junta de Govern Local no s\u00f3n p\u00fabliques, per\u00f2 quan actua amb compet\u00e8ncies delegades del Ple, la sessi\u00f3 se sotmet als mateixos requisits de publicitat que les sessions del Ple, que s\u00f3n p\u00fabliques. Aix\u00ed ho va declarar la STS 161\/2013, de 26 de setembre.<\/p>\n\n\n\n<p>Per tot plegat, a les 10:15h es van obrir les portes de la sala de plens per tal que pogu\u00e9s assistir p\u00fablic. Tamb\u00e9 es van gravar aquests punts de l\u2019ordre del dia i posteriorment s&#8217;ha publicat el v\u00eddeo a Youtube per garantir la seva publicitat. Val a dir que l\u2019oposici\u00f3 va rebre un correu electr\u00f2nic amb el detall de les propostes abans de la celebraci\u00f3 de la Junta.<\/p>\n\n\n\n<figure class=\"wp-block-embed is-type-video is-provider-youtube wp-block-embed-youtube wp-embed-aspect-16-9 wp-has-aspect-ratio\"><div class=\"wp-block-embed__wrapper\">\n<iframe loading=\"lazy\" title=\"Junta de Govern ordin\u00e0ria del 21\/08\/23 amb compet\u00e8ncia delegada del Ple\" width=\"1170\" height=\"658\" src=\"https:\/\/www.youtube.com\/embed\/na2SXqZbWd0?feature=oembed\" frameborder=\"0\" allow=\"accelerometer; autoplay; clipboard-write; encrypted-media; gyroscope; picture-in-picture; web-share\" allowfullscreen><\/iframe>\n<\/div><\/figure>\n\n\n\n<hr class=\"wp-block-separator has-alpha-channel-opacity\"\/>\n\n\n\n<p><strong>CASTELLANO | <\/strong>El lunes 21 de agosto se celebr\u00f3 una Junta de Gobierno que conten\u00eda tres propuestas con competencia delegada del Pleno, seg\u00fan el acuerdo plenario del 6 de julio.<\/p>\n\n\n\n<ul><li>Ampliaci\u00f3n del plazo de ejecuci\u00f3n de las obras de La Fassina.<\/li><li>Aprobar la certificaci\u00f3n n\u00famero 4 correspondiente a las obras de construcci\u00f3n de La Fassina.<\/li><li>Aprobar la certificaci\u00f3n n\u00famero 7 correspondiente a las obras del pabell\u00f3n polideportivo municipal.<\/li><\/ul>\n\n\n\n<p>Las sesiones de la Junta de Gobierno Local no son p\u00fablicas, pero cuando act\u00faa con competencias delegadas del Pleno, la sesi\u00f3n se somete a los mismos requisitos de publicidad que las sesiones del Pleno, que son p\u00fablicas. As\u00ed lo declar\u00f3 la STS 161\/2013, de 26 de septiembre.<\/p>\n\n\n\n<p>Por todo ello, a las 10:15h se abrieron las puertas de la sala de plenos con tal que pudiese asistir p\u00fablico a la votaci\u00f3n de estos puntos. Tambi\u00e9n se grabaron estos puntos del orden del d\u00eda y posteriormente se ha publicado el v\u00eddeo en Youtube para garantizar su publicidad. Cabe decir que la oposici\u00f3n recibi\u00f3 un correo electr\u00f3nico con el detalle de las propuestas antes de la celebraci\u00f3n de la Junta.<\/p>\n\n\n\n<figure class=\"wp-block-embed is-type-video is-provider-youtube wp-block-embed-youtube wp-embed-aspect-16-9 wp-has-aspect-ratio\"><div class=\"wp-block-embed__wrapper\">\n<iframe loading=\"lazy\" title=\"Junta de Govern ordin\u00e0ria del 21\/08\/23 amb compet\u00e8ncia delegada del Ple\" width=\"1170\" height=\"658\" src=\"https:\/\/www.youtube.com\/embed\/na2SXqZbWd0?feature=oembed\" frameborder=\"0\" allow=\"accelerometer; autoplay; clipboard-write; encrypted-media; gyroscope; picture-in-picture; web-share\" allowfullscreen><\/iframe>\n<\/div><\/figure>\n","protected":false},"excerpt":{"rendered":"<p>El dilluns 21 d\u2019agost es va celebrar una Junta de Govern que contenia tres propostes amb compet\u00e8ncia delegada del Ple, segons l\u2019acord plenari del 6 de juliol de 2023: Ampliaci\u00f3 &hellip; <a href=\"https:\/\/bisbalpenedes.com\/web\/2023\/08\/28\/la-junta-de-govern-del-dilluns-21-dagost-contenia-3-propostes-amb-competencia-delegada-del-ple\/\" class=\"more-link\">Read More<\/a><\/p>\n","protected":false},"author":4,"featured_media":27349,"comment_status":"closed","ping_status":"closed","sticky":false,"template":"","format":"standard","meta":[],"categories":[3085,8,2251,2250],"tags":[459,3985,686,393,139],"_links":{"self":[{"href":"https:\/\/bisbalpenedes.com\/web\/wp-json\/wp\/v2\/posts\/27348"}],"collection":[{"href":"https:\/\/bisbalpenedes.com\/web\/wp-json\/wp\/v2\/posts"}],"about":[{"href":"https:\/\/bisbalpenedes.com\/web\/wp-json\/wp\/v2\/types\/post"}],"author":[{"embeddable":true,"href":"https:\/\/bisbalpenedes.com\/web\/wp-json\/wp\/v2\/users\/4"}],"replies":[{"embeddable":true,"href":"https:\/\/bisbalpenedes.com\/web\/wp-json\/wp\/v2\/comments?post=27348"}],"version-history":[{"count":2,"href":"https:\/\/bisbalpenedes.com\/web\/wp-json\/wp\/v2\/posts\/27348\/revisions"}],"predecessor-version":[{"id":27351,"href":"https:\/\/bisbalpenedes.com\/web\/wp-json\/wp\/v2\/posts\/27348\/revisions\/27351"}],"wp:featuredmedia":[{"embeddable":true,"href":"https:\/\/bisbalpenedes.com\/web\/wp-json\/wp\/v2\/media\/27349"}],"wp:attachment":[{"href":"https:\/\/bisbalpenedes.com\/web\/wp-json\/wp\/v2\/media?parent=27348"}],"wp:term":[{"taxonomy":"category","embeddable":true,"href":"https:\/\/bisbalpenedes.com\/web\/wp-json\/wp\/v2\/categories?post=27348"},{"taxonomy":"post_tag","embeddable":true,"href":"https:\/\/bisbalpenedes.com\/web\/wp-json\/wp\/v2\/tags?post=27348"}],"curies":[{"name":"wp","href":"https:\/\/api.w.org\/{rel}","templated":true}]}}