{"id":27344,"date":"2023-08-28T11:48:08","date_gmt":"2023-08-28T09:48:08","guid":{"rendered":"https:\/\/bisbalpenedes.com\/web\/?p=27344"},"modified":"2023-08-28T11:49:51","modified_gmt":"2023-08-28T09:49:51","slug":"el-dijous-24-dagost-es-va-celebrar-una-junta-de-govern-extraordinaria-i-urgent-que-contenia-un-punt-amb-competencia-delegada-del-ple","status":"publish","type":"post","link":"https:\/\/bisbalpenedes.com\/web\/2023\/08\/28\/el-dijous-24-dagost-es-va-celebrar-una-junta-de-govern-extraordinaria-i-urgent-que-contenia-un-punt-amb-competencia-delegada-del-ple\/","title":{"rendered":"El dijous 24 d&#8217;agost es va celebrar una Junta de Govern extraordin\u00e0ria i urgent que contenia un punt amb compet\u00e8ncia delegada del Ple"},"content":{"rendered":"\n<p>El dijous 24 d&#8217;agost es va celebrar una Junta de govern extraordin\u00e0ria i urgent que contenia una proposta amb compet\u00e8ncia del Ple delegada a la Junta de Govern, segons l\u2019acord plenari del 6 de juliol de 2023. \u00c9s la seg\u00fcent.<\/p>\n\n\n\n<ul><li>Canvis i modificacions del contracte de les obres de remodelaci\u00f3 del poliesportiu municipal&nbsp;<\/li><\/ul>\n\n\n\n<p>Les sessions de la Junta de Govern Local no s\u00f3n p\u00fabliques, per\u00f2 quan actua amb compet\u00e8ncies delegades del Ple, la sessi\u00f3 se sotmet als mateixos requisits de publicitat que les sessions del Ple, que s\u00f3n p\u00fabliques. Aix\u00ed ho va declarar la STS 161\/2013, de 26 de setembre. Per tot plegat,  a les 19:10h es van obrir les portes de la sala de plens per tal que pogu\u00e9s assistir p\u00fablic. Tamb\u00e9 es va gravar aquest punt de l\u2019ordre del dia i s&#8217;ha publicat el v\u00eddeo a Youtube per garantir la seva publicitat. Val a dir que l\u2019oposici\u00f3 va rebre un correu electr\u00f2nic amb el detall de les propostes abans de la celebraci\u00f3 de la Junta.<\/p>\n\n\n\n<figure class=\"wp-block-embed is-type-video is-provider-youtube wp-block-embed-youtube wp-embed-aspect-16-9 wp-has-aspect-ratio\"><div class=\"wp-block-embed__wrapper\">\n<iframe loading=\"lazy\" title=\"Punt de la JDG extraordin\u00e0ria i urgent del 24\/08\/2023 amb compet\u00e8ncia delegada del Ple\" width=\"1170\" height=\"658\" src=\"https:\/\/www.youtube.com\/embed\/EYJ0T592YGQ?feature=oembed\" frameborder=\"0\" allow=\"accelerometer; autoplay; clipboard-write; encrypted-media; gyroscope; picture-in-picture; web-share\" allowfullscreen><\/iframe>\n<\/div><\/figure>\n\n\n\n<hr class=\"wp-block-separator has-alpha-channel-opacity\"\/>\n\n\n\n<p>CASTELLANO | El jueves 24 de agosto se celebr\u00f3 una Junta de gobierno extraordinaria y urgente que conten\u00eda una propuesta con competencia del Pleno delegada a la Junta de Gobierno, seg\u00fan el acuerto plenario del 6 de julio de 2023. Es la siguiente: <\/p>\n\n\n\n<ul><li>Cambios y modificaciones del contrato de las obras de remodelaci\u00f3n del polideportivo municipal.<\/li><\/ul>\n\n\n\n<p>Las sesiones de la Junta de Gobierno Local no son p\u00fablicas, pero cuando act\u00faa con competencias delegadas del Pleno, la sesi\u00f3n se somete a los mismos requisitos de publicidad que las sesiones del Pleno, que son p\u00fablicas. As\u00ed lo declar\u00f3 la STS 161\/2013, de 26 de septiembre. Por todo ello, a las 19:10h se abrieron las puertas de la sala de plenos con tal que pudieses asistir p\u00fablico. Tambi\u00e9n se grab\u00f3 este punto del orden del d\u00eda y posteriormente se ha publicado el v\u00eddeo en Youtube para garantizar su publicidad. Cabe decir que la oposici\u00f3n recibi\u00f3 un correo electr\u00f3nico con el detalle de las propuestas antes de la celebraci\u00f3n de la Junta.<\/p>\n","protected":false},"excerpt":{"rendered":"<p>El dijous 24 d&#8217;agost es va celebrar una Junta de govern extraordin\u00e0ria i urgent que contenia una proposta amb compet\u00e8ncia del Ple delegada a la Junta de Govern, segons l\u2019acord &hellip; <a href=\"https:\/\/bisbalpenedes.com\/web\/2023\/08\/28\/el-dijous-24-dagost-es-va-celebrar-una-junta-de-govern-extraordinaria-i-urgent-que-contenia-un-punt-amb-competencia-delegada-del-ple\/\" class=\"more-link\">Read More<\/a><\/p>\n","protected":false},"author":4,"featured_media":27345,"comment_status":"closed","ping_status":"closed","sticky":false,"template":"","format":"standard","meta":[],"categories":[3085,8],"tags":[459,686,393,1374],"_links":{"self":[{"href":"https:\/\/bisbalpenedes.com\/web\/wp-json\/wp\/v2\/posts\/27344"}],"collection":[{"href":"https:\/\/bisbalpenedes.com\/web\/wp-json\/wp\/v2\/posts"}],"about":[{"href":"https:\/\/bisbalpenedes.com\/web\/wp-json\/wp\/v2\/types\/post"}],"author":[{"embeddable":true,"href":"https:\/\/bisbalpenedes.com\/web\/wp-json\/wp\/v2\/users\/4"}],"replies":[{"embeddable":true,"href":"https:\/\/bisbalpenedes.com\/web\/wp-json\/wp\/v2\/comments?post=27344"}],"version-history":[{"count":2,"href":"https:\/\/bisbalpenedes.com\/web\/wp-json\/wp\/v2\/posts\/27344\/revisions"}],"predecessor-version":[{"id":27347,"href":"https:\/\/bisbalpenedes.com\/web\/wp-json\/wp\/v2\/posts\/27344\/revisions\/27347"}],"wp:featuredmedia":[{"embeddable":true,"href":"https:\/\/bisbalpenedes.com\/web\/wp-json\/wp\/v2\/media\/27345"}],"wp:attachment":[{"href":"https:\/\/bisbalpenedes.com\/web\/wp-json\/wp\/v2\/media?parent=27344"}],"wp:term":[{"taxonomy":"category","embeddable":true,"href":"https:\/\/bisbalpenedes.com\/web\/wp-json\/wp\/v2\/categories?post=27344"},{"taxonomy":"post_tag","embeddable":true,"href":"https:\/\/bisbalpenedes.com\/web\/wp-json\/wp\/v2\/tags?post=27344"}],"curies":[{"name":"wp","href":"https:\/\/api.w.org\/{rel}","templated":true}]}}