{"id":27334,"date":"2023-08-28T10:56:40","date_gmt":"2023-08-28T08:56:40","guid":{"rendered":"https:\/\/bisbalpenedes.com\/web\/?p=27334"},"modified":"2023-08-28T10:56:40","modified_gmt":"2023-08-28T08:56:40","slug":"us-recordem-lhorari-del-punt-verd-la-vorera-del-punt-verd-no-forma-part-de-la-deixalleria","status":"publish","type":"post","link":"https:\/\/bisbalpenedes.com\/web\/2023\/08\/28\/us-recordem-lhorari-del-punt-verd-la-vorera-del-punt-verd-no-forma-part-de-la-deixalleria\/","title":{"rendered":"Us recordem l&#8217;horari del Punt Verd: la vorera del Punt Verd no forma part de la deixalleria"},"content":{"rendered":"\n<p>Una vegada m\u00e9s, lamentem l\u2019incivisme d\u2019algunes persones. Aquests residus de les fotos han aparegut aquest mat\u00ed a la porta del Punt Verd.<\/p>\n\n\n\n<p>Us recordem que l\u2019horari d\u2019aquest servei \u00e9s el seg\u00fcent:<\/p>\n\n\n\n<p><img loading=\"lazy\" height=\"16\" width=\"16\" alt=\"\u25aa\" src=\"https:\/\/static.xx.fbcdn.net\/images\/emoji.php\/v9\/tcd\/2\/16\/25aa.png\">De dilluns a divendres de 9 a 13h i de 15h a 18h<\/p>\n\n\n\n<p><a><\/a><img loading=\"lazy\" height=\"16\" width=\"16\" alt=\"\u25aa\" src=\"https:\/\/static.xx.fbcdn.net\/images\/emoji.php\/v9\/tcd\/2\/16\/25aa.png\">Dissabtes de 9h a 12h i de 15h a 17h<\/p>\n\n\n\n<p><img loading=\"lazy\" height=\"16\" width=\"16\" alt=\"\u25aa\" src=\"https:\/\/static.xx.fbcdn.net\/images\/emoji.php\/v9\/tcd\/2\/16\/25aa.png\">Diumenges de 17h a 20h<\/p>\n\n\n\n<p>L\u2019Ajuntament va ampliar l\u2019horari del cap de setmana a principis d\u2019estiu amb l\u2019objectiu que, les persones que tingueu la necessitat de portar-hi residus, ho pugueu fer. Si no teniu la targeta per accedir al recinte, la podeu demanar a l\u2019Ajuntament. Si us plau, us preguem que sigueu c\u00edvics per respecte als vostres ve\u00efns i ve\u00efnes i pel vostre entorn.<\/p>\n\n\n\n<p>Des de la Regidoria de Residus procedirem a revisar les imatges de les c\u00e0meres de videovigil\u00e0ncia per prendre les mesures pertinents.<\/p>\n\n\n\n<figure class=\"wp-block-image size-large\"><img loading=\"lazy\" width=\"768\" height=\"1024\" src=\"https:\/\/bisbalpenedes.com\/web\/wp-content\/uploads\/2023\/08\/WhatsApp-Image-2023-08-28-at-09.18.10-1-768x1024.jpeg\" alt=\"\" class=\"wp-image-27335\" srcset=\"https:\/\/bisbalpenedes.com\/web\/wp-content\/uploads\/2023\/08\/WhatsApp-Image-2023-08-28-at-09.18.10-1-768x1024.jpeg 768w, https:\/\/bisbalpenedes.com\/web\/wp-content\/uploads\/2023\/08\/WhatsApp-Image-2023-08-28-at-09.18.10-1-225x300.jpeg 225w, https:\/\/bisbalpenedes.com\/web\/wp-content\/uploads\/2023\/08\/WhatsApp-Image-2023-08-28-at-09.18.10-1-1152x1536.jpeg 1152w, https:\/\/bisbalpenedes.com\/web\/wp-content\/uploads\/2023\/08\/WhatsApp-Image-2023-08-28-at-09.18.10-1-600x800.jpeg 600w, https:\/\/bisbalpenedes.com\/web\/wp-content\/uploads\/2023\/08\/WhatsApp-Image-2023-08-28-at-09.18.10-1.jpeg 1536w\" sizes=\"(max-width: 768px) 100vw, 768px\" \/><\/figure>\n\n\n\n<figure class=\"wp-block-image size-large\"><img loading=\"lazy\" width=\"768\" height=\"1024\" src=\"https:\/\/bisbalpenedes.com\/web\/wp-content\/uploads\/2023\/08\/WhatsApp-Image-2023-08-28-at-09.18.11-768x1024.jpeg\" alt=\"\" class=\"wp-image-27336\" srcset=\"https:\/\/bisbalpenedes.com\/web\/wp-content\/uploads\/2023\/08\/WhatsApp-Image-2023-08-28-at-09.18.11-768x1024.jpeg 768w, https:\/\/bisbalpenedes.com\/web\/wp-content\/uploads\/2023\/08\/WhatsApp-Image-2023-08-28-at-09.18.11-225x300.jpeg 225w, https:\/\/bisbalpenedes.com\/web\/wp-content\/uploads\/2023\/08\/WhatsApp-Image-2023-08-28-at-09.18.11-1152x1536.jpeg 1152w, https:\/\/bisbalpenedes.com\/web\/wp-content\/uploads\/2023\/08\/WhatsApp-Image-2023-08-28-at-09.18.11-600x800.jpeg 600w, https:\/\/bisbalpenedes.com\/web\/wp-content\/uploads\/2023\/08\/WhatsApp-Image-2023-08-28-at-09.18.11.jpeg 1536w\" sizes=\"(max-width: 768px) 100vw, 768px\" \/><\/figure>\n\n\n\n<hr class=\"wp-block-separator has-alpha-channel-opacity\"\/>\n\n\n\n<p>Una vez m\u00e1s, lamentamos el incivismo de algunas personas. Estos residuos han aparecido esta ma\u00f1ana en la puerta del Punt Verd. Os recordamos que el horario de este servicio es el siguiente:<\/p>\n\n\n\n<p><img loading=\"lazy\" height=\"16\" width=\"16\" alt=\"\u25aa\" src=\"https:\/\/static.xx.fbcdn.net\/images\/emoji.php\/v9\/tcd\/2\/16\/25aa.png\">De lunes a viernes de 9 a 13h y de 15h a 18h<\/p>\n\n\n\n<p><img loading=\"lazy\" height=\"16\" width=\"16\" alt=\"\u25aa\" src=\"https:\/\/static.xx.fbcdn.net\/images\/emoji.php\/v9\/tcd\/2\/16\/25aa.png\">S\u00e1bados de 9h a 12h y de 15h a 17h<\/p>\n\n\n\n<p><img loading=\"lazy\" height=\"16\" width=\"16\" alt=\"\u25aa\" src=\"https:\/\/static.xx.fbcdn.net\/images\/emoji.php\/v9\/tcd\/2\/16\/25aa.png\">Domingos de 17h a 20h<\/p>\n\n\n\n<p>El Ayuntamiento ampli\u00f3 el horario del fin de semana a principios de verano con el objetivo de que, las personas que tuvieseis la necesidad de llevar residuos, lo puedieseis hacer. Si no ten\u00e9is la tarjeta para acceder al recinto, la pod\u00e9is solicitar en el Ayuntamiento. Por favor, os rogamos que se\u00e1is c\u00edvicos por respeto a vuestros vecinos y vecinas y por vuestro entorno.<\/p>\n\n\n\n<p>Desde la Concejal\u00eda de Residuos procederemos a revisar las im\u00e1genes de las c\u00e1maras de videovigilancia para tomar las medidas pertinentes.<\/p>\n","protected":false},"excerpt":{"rendered":"<p>Una vegada m\u00e9s, lamentem l\u2019incivisme d\u2019algunes persones. Aquests residus de les fotos han aparegut aquest mat\u00ed a la porta del Punt Verd. Us recordem que l\u2019horari d\u2019aquest servei \u00e9s el &hellip; <a href=\"https:\/\/bisbalpenedes.com\/web\/2023\/08\/28\/us-recordem-lhorari-del-punt-verd-la-vorera-del-punt-verd-no-forma-part-de-la-deixalleria\/\" class=\"more-link\">Read More<\/a><\/p>\n","protected":false},"author":4,"featured_media":27337,"comment_status":"closed","ping_status":"closed","sticky":false,"template":"","format":"standard","meta":[],"categories":[3215,8],"tags":[459,6191,1479,393,1182],"_links":{"self":[{"href":"https:\/\/bisbalpenedes.com\/web\/wp-json\/wp\/v2\/posts\/27334"}],"collection":[{"href":"https:\/\/bisbalpenedes.com\/web\/wp-json\/wp\/v2\/posts"}],"about":[{"href":"https:\/\/bisbalpenedes.com\/web\/wp-json\/wp\/v2\/types\/post"}],"author":[{"embeddable":true,"href":"https:\/\/bisbalpenedes.com\/web\/wp-json\/wp\/v2\/users\/4"}],"replies":[{"embeddable":true,"href":"https:\/\/bisbalpenedes.com\/web\/wp-json\/wp\/v2\/comments?post=27334"}],"version-history":[{"count":1,"href":"https:\/\/bisbalpenedes.com\/web\/wp-json\/wp\/v2\/posts\/27334\/revisions"}],"predecessor-version":[{"id":27338,"href":"https:\/\/bisbalpenedes.com\/web\/wp-json\/wp\/v2\/posts\/27334\/revisions\/27338"}],"wp:featuredmedia":[{"embeddable":true,"href":"https:\/\/bisbalpenedes.com\/web\/wp-json\/wp\/v2\/media\/27337"}],"wp:attachment":[{"href":"https:\/\/bisbalpenedes.com\/web\/wp-json\/wp\/v2\/media?parent=27334"}],"wp:term":[{"taxonomy":"category","embeddable":true,"href":"https:\/\/bisbalpenedes.com\/web\/wp-json\/wp\/v2\/categories?post=27334"},{"taxonomy":"post_tag","embeddable":true,"href":"https:\/\/bisbalpenedes.com\/web\/wp-json\/wp\/v2\/tags?post=27334"}],"curies":[{"name":"wp","href":"https:\/\/api.w.org\/{rel}","templated":true}]}}