{"id":27329,"date":"2023-08-28T10:01:28","date_gmt":"2023-08-28T08:01:28","guid":{"rendered":"https:\/\/bisbalpenedes.com\/web\/?p=27329"},"modified":"2023-08-28T10:01:45","modified_gmt":"2023-08-28T08:01:45","slug":"el-divendres-1-dagost-comenca-lhorari-dhivern-de-les-oficines-municipals-i-la-biblioteca","status":"publish","type":"post","link":"https:\/\/bisbalpenedes.com\/web\/2023\/08\/28\/el-divendres-1-dagost-comenca-lhorari-dhivern-de-les-oficines-municipals-i-la-biblioteca\/","title":{"rendered":"El divendres 1 de setembre comen\u00e7a l&#8217;horari d&#8217;hivern de les oficines municipals i la biblioteca"},"content":{"rendered":"\n<p>Aquest divendres 1 de setembre comen\u00e7a l&#8217;horari d&#8217;hivern de l&#8217;Ajuntament de La Bisbal del Pened\u00e8s i de la Biblioteca p\u00fablica de la Bisbal del Pened\u00e8s.<\/p>\n\n\n\n<hr class=\"wp-block-separator has-alpha-channel-opacity\"\/>\n\n\n\n<p>Este viernes 1 de septiembre empieza el horario de invierno del Ayuntamiento de La Bisbal del Pened\u00e8s y de la Biblioteca p\u00fablica de la Bisbal del Pened\u00e8s.<\/p>\n\n\n\n<p>#LaBisbalDelPened\u00e8s #BibliotecaBisbalPened\u00e8s #BaixPened\u00e8s #Pened\u00e8s<\/p>\n","protected":false},"excerpt":{"rendered":"<p>Aquest divendres 1 de setembre comen\u00e7a l&#8217;horari d&#8217;hivern de l&#8217;Ajuntament de La Bisbal del Pened\u00e8s i de la Biblioteca p\u00fablica de la Bisbal del Pened\u00e8s. Este viernes 1 de septiembre &hellip; <a href=\"https:\/\/bisbalpenedes.com\/web\/2023\/08\/28\/el-divendres-1-dagost-comenca-lhorari-dhivern-de-les-oficines-municipals-i-la-biblioteca\/\" class=\"more-link\">Read More<\/a><\/p>\n","protected":false},"author":4,"featured_media":18936,"comment_status":"closed","ping_status":"closed","sticky":false,"template":"","format":"standard","meta":[],"categories":[2402,8],"tags":[216,459,1003,784,393,1374],"_links":{"self":[{"href":"https:\/\/bisbalpenedes.com\/web\/wp-json\/wp\/v2\/posts\/27329"}],"collection":[{"href":"https:\/\/bisbalpenedes.com\/web\/wp-json\/wp\/v2\/posts"}],"about":[{"href":"https:\/\/bisbalpenedes.com\/web\/wp-json\/wp\/v2\/types\/post"}],"author":[{"embeddable":true,"href":"https:\/\/bisbalpenedes.com\/web\/wp-json\/wp\/v2\/users\/4"}],"replies":[{"embeddable":true,"href":"https:\/\/bisbalpenedes.com\/web\/wp-json\/wp\/v2\/comments?post=27329"}],"version-history":[{"count":2,"href":"https:\/\/bisbalpenedes.com\/web\/wp-json\/wp\/v2\/posts\/27329\/revisions"}],"predecessor-version":[{"id":27331,"href":"https:\/\/bisbalpenedes.com\/web\/wp-json\/wp\/v2\/posts\/27329\/revisions\/27331"}],"wp:featuredmedia":[{"embeddable":true,"href":"https:\/\/bisbalpenedes.com\/web\/wp-json\/wp\/v2\/media\/18936"}],"wp:attachment":[{"href":"https:\/\/bisbalpenedes.com\/web\/wp-json\/wp\/v2\/media?parent=27329"}],"wp:term":[{"taxonomy":"category","embeddable":true,"href":"https:\/\/bisbalpenedes.com\/web\/wp-json\/wp\/v2\/categories?post=27329"},{"taxonomy":"post_tag","embeddable":true,"href":"https:\/\/bisbalpenedes.com\/web\/wp-json\/wp\/v2\/tags?post=27329"}],"curies":[{"name":"wp","href":"https:\/\/api.w.org\/{rel}","templated":true}]}}