{"id":27317,"date":"2023-08-26T16:04:48","date_gmt":"2023-08-26T14:04:48","guid":{"rendered":"https:\/\/bisbalpenedes.com\/web\/?p=27317"},"modified":"2023-08-26T16:04:48","modified_gmt":"2023-08-26T14:04:48","slug":"avis-per-intensitat-de-pluja-per-al-dissabte-26-i-el-diumenge-27-dagost","status":"publish","type":"post","link":"https:\/\/bisbalpenedes.com\/web\/2023\/08\/26\/avis-per-intensitat-de-pluja-per-al-dissabte-26-i-el-diumenge-27-dagost\/","title":{"rendered":"Av\u00eds per intensitat de pluja per al dissabte 26 i el diumenge 27 d&#8217;agost"},"content":{"rendered":"\n<p>Av\u00eds per intensitat de pluja del Servei Meteorol\u00f2gic de Catalunya per avui dissabte a la tarda\/nit i dem\u00e0 diumenge. Els x\u00e0fecs aniran sovint acompanyats de tempesta i localment de fen\u00f2mens de temps violent.<\/p>\n\n\n\n<hr class=\"wp-block-separator has-alpha-channel-opacity\"\/>\n\n\n\n<p>Aviso por intensidad de lluvia del Servicio Meteorol\u00f3gico de Catalu\u00f1a para hoy s\u00e1bado por la tarde\/noche y ma\u00f1ana domingo. Los chubascos a menudo ir\u00e1n acompa\u00f1ados de tormenta y localmente de fen\u00f3menos de tiempo violento.<\/p>\n\n\n\n<figure class=\"wp-block-image size-large\"><img loading=\"lazy\" width=\"1024\" height=\"1024\" src=\"https:\/\/bisbalpenedes.com\/web\/wp-content\/uploads\/2023\/08\/2-4-1024x1024.png\" alt=\"\" class=\"wp-image-27318\" srcset=\"https:\/\/bisbalpenedes.com\/web\/wp-content\/uploads\/2023\/08\/2-4-1024x1024.png 1024w, https:\/\/bisbalpenedes.com\/web\/wp-content\/uploads\/2023\/08\/2-4-300x300.png 300w, https:\/\/bisbalpenedes.com\/web\/wp-content\/uploads\/2023\/08\/2-4-150x150.png 150w, https:\/\/bisbalpenedes.com\/web\/wp-content\/uploads\/2023\/08\/2-4-768x768.png 768w, https:\/\/bisbalpenedes.com\/web\/wp-content\/uploads\/2023\/08\/2-4-600x600.png 600w, https:\/\/bisbalpenedes.com\/web\/wp-content\/uploads\/2023\/08\/2-4-100x100.png 100w, https:\/\/bisbalpenedes.com\/web\/wp-content\/uploads\/2023\/08\/2-4.png 1080w\" sizes=\"(max-width: 1024px) 100vw, 1024px\" \/><\/figure>\n\n\n\n<figure class=\"wp-block-image size-full\"><img loading=\"lazy\" width=\"728\" height=\"960\" src=\"https:\/\/bisbalpenedes.com\/web\/wp-content\/uploads\/2023\/08\/PLUGES-FORTES.jpg\" alt=\"\" class=\"wp-image-27319\" srcset=\"https:\/\/bisbalpenedes.com\/web\/wp-content\/uploads\/2023\/08\/PLUGES-FORTES.jpg 728w, https:\/\/bisbalpenedes.com\/web\/wp-content\/uploads\/2023\/08\/PLUGES-FORTES-228x300.jpg 228w, https:\/\/bisbalpenedes.com\/web\/wp-content\/uploads\/2023\/08\/PLUGES-FORTES-600x791.jpg 600w\" sizes=\"(max-width: 728px) 100vw, 728px\" \/><\/figure>\n\n\n\n<figure class=\"wp-block-image size-large\"><img loading=\"lazy\" width=\"724\" height=\"1024\" src=\"https:\/\/bisbalpenedes.com\/web\/wp-content\/uploads\/2023\/08\/TEMPESTES-724x1024.jpg\" alt=\"\" class=\"wp-image-27320\" srcset=\"https:\/\/bisbalpenedes.com\/web\/wp-content\/uploads\/2023\/08\/TEMPESTES-724x1024.jpg 724w, https:\/\/bisbalpenedes.com\/web\/wp-content\/uploads\/2023\/08\/TEMPESTES-212x300.jpg 212w, https:\/\/bisbalpenedes.com\/web\/wp-content\/uploads\/2023\/08\/TEMPESTES-768x1086.jpg 768w, https:\/\/bisbalpenedes.com\/web\/wp-content\/uploads\/2023\/08\/TEMPESTES-1086x1536.jpg 1086w, https:\/\/bisbalpenedes.com\/web\/wp-content\/uploads\/2023\/08\/TEMPESTES-600x849.jpg 600w, https:\/\/bisbalpenedes.com\/web\/wp-content\/uploads\/2023\/08\/TEMPESTES.jpg 1448w\" sizes=\"(max-width: 724px) 100vw, 724px\" \/><\/figure>\n","protected":false},"excerpt":{"rendered":"<p>Av\u00eds per intensitat de pluja del Servei Meteorol\u00f2gic de Catalunya per avui dissabte a la tarda\/nit i dem\u00e0 diumenge. Els x\u00e0fecs aniran sovint acompanyats de tempesta i localment de fen\u00f2mens &hellip; <a href=\"https:\/\/bisbalpenedes.com\/web\/2023\/08\/26\/avis-per-intensitat-de-pluja-per-al-dissabte-26-i-el-diumenge-27-dagost\/\" class=\"more-link\">Read More<\/a><\/p>\n","protected":false},"author":4,"featured_media":27321,"comment_status":"closed","ping_status":"closed","sticky":false,"template":"","format":"standard","meta":[],"categories":[1628,2543,8],"tags":[3995,459,3815,393,1188,1374,2474],"_links":{"self":[{"href":"https:\/\/bisbalpenedes.com\/web\/wp-json\/wp\/v2\/posts\/27317"}],"collection":[{"href":"https:\/\/bisbalpenedes.com\/web\/wp-json\/wp\/v2\/posts"}],"about":[{"href":"https:\/\/bisbalpenedes.com\/web\/wp-json\/wp\/v2\/types\/post"}],"author":[{"embeddable":true,"href":"https:\/\/bisbalpenedes.com\/web\/wp-json\/wp\/v2\/users\/4"}],"replies":[{"embeddable":true,"href":"https:\/\/bisbalpenedes.com\/web\/wp-json\/wp\/v2\/comments?post=27317"}],"version-history":[{"count":1,"href":"https:\/\/bisbalpenedes.com\/web\/wp-json\/wp\/v2\/posts\/27317\/revisions"}],"predecessor-version":[{"id":27322,"href":"https:\/\/bisbalpenedes.com\/web\/wp-json\/wp\/v2\/posts\/27317\/revisions\/27322"}],"wp:featuredmedia":[{"embeddable":true,"href":"https:\/\/bisbalpenedes.com\/web\/wp-json\/wp\/v2\/media\/27321"}],"wp:attachment":[{"href":"https:\/\/bisbalpenedes.com\/web\/wp-json\/wp\/v2\/media?parent=27317"}],"wp:term":[{"taxonomy":"category","embeddable":true,"href":"https:\/\/bisbalpenedes.com\/web\/wp-json\/wp\/v2\/categories?post=27317"},{"taxonomy":"post_tag","embeddable":true,"href":"https:\/\/bisbalpenedes.com\/web\/wp-json\/wp\/v2\/tags?post=27317"}],"curies":[{"name":"wp","href":"https:\/\/api.w.org\/{rel}","templated":true}]}}