{"id":27302,"date":"2023-08-24T17:59:25","date_gmt":"2023-08-24T15:59:25","guid":{"rendered":"https:\/\/bisbalpenedes.com\/web\/?p=27302"},"modified":"2023-08-24T17:59:25","modified_gmt":"2023-08-24T15:59:25","slug":"aquesta-tarda-tindra-lloc-una-junta-de-govern-extraordinaria-i-urgent-conte-una-proposta-amb-competencia-delegada-del-ple","status":"publish","type":"post","link":"https:\/\/bisbalpenedes.com\/web\/2023\/08\/24\/aquesta-tarda-tindra-lloc-una-junta-de-govern-extraordinaria-i-urgent-conte-una-proposta-amb-competencia-delegada-del-ple\/","title":{"rendered":"Aquesta tarda tindr\u00e0 lloc una Junta de Govern extraordin\u00e0ria i urgent &#8211; Cont\u00e9 una proposta amb compet\u00e8ncia delegada del Ple"},"content":{"rendered":"\n<p>Aquest dimecres al migdia s\u2019ha convocat la Junta de govern extraordin\u00e0ria i urgent per a aquesta tarda.&nbsp;La Junta cont\u00e9 una proposta amb compet\u00e8ncia del Ple delegada a laJunta de Govern, segons l\u2019acord plenari del 6 de juliol de 2023. \u00c9s la seg\u00fcent.<\/p>\n\n\n\n<ul><li><strong>Canvis i modificacions del contracte de les obres de remodelaci\u00f3 del poliesportiu municipal\u00a0<\/strong><\/li><\/ul>\n\n\n\n<p>Les sessions de la Junta de Govern Local no s\u00f3n p\u00fabliques, per\u00f2 quan<\/p>\n\n\n\n<p>actua amb compet\u00e8ncies delegades del Ple, la sessi\u00f3 se sotmet als<\/p>\n\n\n\n<p>mateixos requisits de publicitat que les sessions del Ple, que s\u00f3n<\/p>\n\n\n\n<p>p\u00fabliques. Aix\u00ed ho va declarar la STS 161\/2013, de 26 de setembre.<\/p>\n\n\n\n<p>Per tot plegat, aquesta tarda s\u2019obriran les portes de la sala de plens a les 19:10h, per tal que pugui<\/p>\n\n\n\n<p>assistir p\u00fablic a la votaci\u00f3 d\u2019aquests punts. Tamb\u00e9 es gravaran aquests punts de l\u2019ordre del dia<\/p>\n\n\n\n<p>i posteriorment es publicar\u00e0 el v\u00eddeo a Youtube per garantir la seva publicitat. Val a dir que l\u2019oposici\u00f3 ha rebut un correu electr\u00f2nic amb el detall de les propostes.<\/p>\n\n\n\n<hr class=\"wp-block-separator has-alpha-channel-opacity\"\/>\n\n\n\n<p>CASTELLANO | Este mi\u00e9rcoles a mediod\u00eda se ha convocado la Junta de Gobierno extraordinaria y urgente para esta tarde. La Junta contiene una propuesta con competencia del Pleno delegada a la Junta de Gobierno, seg\u00fan el acuerdo plenario del 6 de julio de 2023. Es la siguiente:<\/p>\n\n\n\n<ul><li><strong>Cambios y modificaciones del contrato de las obras de remodelaci\u00f3n del polideportivo municipal.<\/strong><\/li><\/ul>\n\n\n\n<p>Las sesiones de la Junta de Gobierno Local no son p\u00fablicas, pero cuando act\u00faa con competencias delegadas del Pleno, la sesi\u00f3n se somete a los mismos requisitos de publicidad que las sesiones del Pleno, que son p\u00fablicas. As\u00ed lo declar\u00f3 la STS 161\/2013, de 26 de septiembre.<\/p>\n\n\n\n<p>Por todo ello, esta tarde se abrir\u00e1n las puertas de la sala de plenos a las 19:10h, con tal que pueda asistir p\u00fablico a la votaci\u00f3n de estos puntos. Tambi\u00e9n se grabar\u00e1n estos puntos del orden del d\u00eda y posteriormente se publicar\u00e1 el v\u00eddeo en Youtube para garantizar su publicidad. Cabe decir que la oposici\u00f3n ha recibido un correo electr\u00f3nico con el detalle de las propuestas.&nbsp;<\/p>\n","protected":false},"excerpt":{"rendered":"<p>Aquest dimecres al migdia s\u2019ha convocat la Junta de govern extraordin\u00e0ria i urgent per a aquesta tarda.&nbsp;La Junta cont\u00e9 una proposta amb compet\u00e8ncia del Ple delegada a laJunta de Govern, &hellip; <a href=\"https:\/\/bisbalpenedes.com\/web\/2023\/08\/24\/aquesta-tarda-tindra-lloc-una-junta-de-govern-extraordinaria-i-urgent-conte-una-proposta-amb-competencia-delegada-del-ple\/\" class=\"more-link\">Read More<\/a><\/p>\n","protected":false},"author":4,"featured_media":27130,"comment_status":"closed","ping_status":"closed","sticky":false,"template":"","format":"standard","meta":[],"categories":[3085,8],"tags":[459,5054,686,393],"_links":{"self":[{"href":"https:\/\/bisbalpenedes.com\/web\/wp-json\/wp\/v2\/posts\/27302"}],"collection":[{"href":"https:\/\/bisbalpenedes.com\/web\/wp-json\/wp\/v2\/posts"}],"about":[{"href":"https:\/\/bisbalpenedes.com\/web\/wp-json\/wp\/v2\/types\/post"}],"author":[{"embeddable":true,"href":"https:\/\/bisbalpenedes.com\/web\/wp-json\/wp\/v2\/users\/4"}],"replies":[{"embeddable":true,"href":"https:\/\/bisbalpenedes.com\/web\/wp-json\/wp\/v2\/comments?post=27302"}],"version-history":[{"count":1,"href":"https:\/\/bisbalpenedes.com\/web\/wp-json\/wp\/v2\/posts\/27302\/revisions"}],"predecessor-version":[{"id":27303,"href":"https:\/\/bisbalpenedes.com\/web\/wp-json\/wp\/v2\/posts\/27302\/revisions\/27303"}],"wp:featuredmedia":[{"embeddable":true,"href":"https:\/\/bisbalpenedes.com\/web\/wp-json\/wp\/v2\/media\/27130"}],"wp:attachment":[{"href":"https:\/\/bisbalpenedes.com\/web\/wp-json\/wp\/v2\/media?parent=27302"}],"wp:term":[{"taxonomy":"category","embeddable":true,"href":"https:\/\/bisbalpenedes.com\/web\/wp-json\/wp\/v2\/categories?post=27302"},{"taxonomy":"post_tag","embeddable":true,"href":"https:\/\/bisbalpenedes.com\/web\/wp-json\/wp\/v2\/tags?post=27302"}],"curies":[{"name":"wp","href":"https:\/\/api.w.org\/{rel}","templated":true}]}}