{"id":27285,"date":"2023-08-22T18:28:49","date_gmt":"2023-08-22T16:28:49","guid":{"rendered":"https:\/\/bisbalpenedes.com\/web\/?p=27285"},"modified":"2023-08-22T18:28:49","modified_gmt":"2023-08-22T16:28:49","slug":"lajuntament-ha-sollicitat-al-soc-contractar-2-joves-en-el-marc-del-programa-de-primera-experiencia-professional-a-les-administracions-publiques","status":"publish","type":"post","link":"https:\/\/bisbalpenedes.com\/web\/2023\/08\/22\/lajuntament-ha-sollicitat-al-soc-contractar-2-joves-en-el-marc-del-programa-de-primera-experiencia-professional-a-les-administracions-publiques\/","title":{"rendered":"<strong>L\u2019Ajuntament ha sol\u00b7licitat al SOC contractar 2 joves en el marc del programa de primera experi\u00e8ncia professional a les administracions p\u00fabliques<\/strong>"},"content":{"rendered":"\n<p>La Junta de Govern del 7 d\u2019agost, a petici\u00f3 de les regidories d\u2019Ocupaci\u00f3 i Joventut, va aprovar sol\u00b7licitar la subvenci\u00f3 per a la contractaci\u00f3 de dos joves en el marc de la convocat\u00f2ria 2023 del programa de primera experi\u00e8ncia professional en les administracions p\u00fabliques. Concretament, s\u2019han sol\u00b7licitat dos perfils al Servei d\u2019Ocupaci\u00f3 de Catalunya (SOC): un\/a t\u00e8cnic\/a de turisme i patrimoni cultural i un\/a t\u00e8cnic\/a d\u2019educaci\u00f3 infantil.<\/p>\n\n\n\n<p>Les tasques de cadascuna de les persones contractades serien les seg\u00fcents:<\/p>\n\n\n\n<p><strong>-T\u00e8cnic\/a de turisme i patrimoni cultural:<\/strong> creaci\u00f3 i dinamitzaci\u00f3 d\u2019activitats per donar a con\u00e8ixer el patrimoni; redacci\u00f3 i disseny de material informatiu i divulgatiu; dinamitzaci\u00f3 del comer\u00e7 local; suport a activitats de promoci\u00f3 econ\u00f2mica i territorial.<\/p>\n\n\n\n<p><strong>-T\u00e8cnic\/a d\u2019educaci\u00f3 infantil per a la llar d\u2019infants municipal:<\/strong> tenir cura dels infants; preparaci\u00f3 i programaci\u00f3 d\u2019activitats; avaluaci\u00f3 psicomotora, emocional i desenvolupament integral del nen\/a; coordinaci\u00f3 amb l\u2019equip de treball i comunicaci\u00f3 amb els tutors\/es dels nens\/es.<\/p>\n\n\n\n<p>La contractaci\u00f3 s\u2019ha sol\u00b7licitat per a un any i en la modalitat de contracte formatiu per a l\u2019obtenci\u00f3 de la pr\u00e0ctica professional. Aquest programa s\u2019adre\u00e7a a persones joves aturades, en el marc del Pla de Recuperaci\u00f3, Transformaci\u00f3 i Resili\u00e8ncia finan\u00e7at per la Uni\u00f3 Europea \u2013 NextGenerationEU. Val a dir que, el 2022, el SOC va modificar aquest projecte, que anteriorment era \u201cJoves en pr\u00e0ctiques\u201d de Garantia Juvenil, per convertir-lo en el programa de primera experi\u00e8ncia professional en les administracions p\u00fabliques. L\u2019alcaldessa de la Bisbal del Pened\u00e8s, Agn\u00e8s Ferr\u00e9, i responsable de l\u2019\u00e0rea d\u2019Ocupaci\u00f3, ha explicat que <em>\u201cel 2022 vam sol\u00b7licitar la contractaci\u00f3 de 4 joves en el marc d\u2019aquest programa. Malauradament, el SOC no va aprovar cap d\u2019aquestes sol\u00b7licituds de la Bisbal ni dels municipis de la comarca que ho van sol\u00b7licitar. Esperem que l\u2019Ajuntament pugui optar a aquestes dues convocat\u00f2ries per al 2023\u201d.<\/em><\/p>\n\n\n\n<hr class=\"wp-block-separator has-alpha-channel-opacity\"\/>\n\n\n\n<p><strong>CASTELLANO |<\/strong>&nbsp;La Junta de Gobierno del 7 de agosto, a petici\u00f3n de las concejal\u00edas de Ocupaci\u00f3n y Juventud, aprob\u00f3 solicitar la subvenci\u00f3n para la contrataci\u00f3n de dos j\u00f3venes en el marco de la convocatoria 2023 del programa de primera experiencia profesional en las administraciones p\u00fablicas. Concretamente, se han solicitado dos perfiles al Servei d\u2019Ocupaci\u00f3 de Catalunya (SOC): un\/a t\u00e9cnico\/a de turismo y patrimonio cultural y un\/a t\u00e9cnico\/a de educaci\u00f3n infantil.<\/p>\n\n\n\n<p>Los trabajos de cada una de las personas contratadas ser\u00edan los siguientes:<\/p>\n\n\n\n<p><strong>-T\u00e9cnico\/a de turismo y patrimonio cultural:<\/strong> creaci\u00f3n y dinamizaci\u00f3n de actividades para dar a conocer el patrimonio; redacci\u00f3n y dise\u00f1o de material informativo y divulgativo; dinamizaci\u00f3n del comercio local; apoyo a actividades de promoci\u00f3n econ\u00f3mica y territorial.<\/p>\n\n\n\n<p><strong>-T\u00e9cnico\/a de educaci\u00f3n infantil para la guarder\u00eda municipal:<\/strong> cuidado de los ni\u00f1os\/as; preparaci\u00f3n y programaci\u00f3n de actividades; evaluaci\u00f3n psicomotora, emocional y desarrollo integral del ni\u00f1o\/a; coordinaci\u00f3n con el equipo de trabajo y comunicaci\u00f3n con los tutores\/as de los\/las ni\u00f1os\/as.<\/p>\n\n\n\n<p>La contrataci\u00f3n se ha solicitado para un a\u00f1o y en la modalidad de contrato formativo para la obtenci\u00f3n de la pr\u00e1ctica profesional. Este programa est\u00e1 dirigido a personas j\u00f3venes paradas, en el marco del Plan de Recuperaci\u00f3n, Transformaci\u00f3n y Resiliencia financiado por la Uni\u00f3n Europea -NextGenerationEU. Cabe decir que, en el 2022, el SOC modific\u00f3 este proyecto, que anteriormente era \u201cJ\u00f3venes en pr\u00e1cticas\u201d de Garant\u00eda Juvenil, para convertirlo en el programa de primera experiencia profesional en las administraciones p\u00fablicas. La alcaldesa de la Bisbal del Pened\u00e8s, Agn\u00e8s Ferr\u00e9, y responsable del \u00e1rea de Ocupaci\u00f3n, ha explicado que <em>\u201cen el 2022 solicitamos la contrataci\u00f3n de 4 j\u00f3venes en el marco de este programa. Desgraciadamente, el SOC no aprob\u00f3 ninguna de estas solicitudes de la Bisbal ni de los municipios de la comarca que lo solicitaron. Esperamos que el Ayuntamiento pueda optar a estas dos convocatorias para el 2023\u201d.<\/em><\/p>\n","protected":false},"excerpt":{"rendered":"<p>La Junta de Govern del 7 d\u2019agost, a petici\u00f3 de les regidories d\u2019Ocupaci\u00f3 i Joventut, va aprovar sol\u00b7licitar la subvenci\u00f3 per a la contractaci\u00f3 de dos joves en el marc &hellip; <a href=\"https:\/\/bisbalpenedes.com\/web\/2023\/08\/22\/lajuntament-ha-sollicitat-al-soc-contractar-2-joves-en-el-marc-del-programa-de-primera-experiencia-professional-a-les-administracions-publiques\/\" class=\"more-link\">Read More<\/a><\/p>\n","protected":false},"author":4,"featured_media":27286,"comment_status":"closed","ping_status":"closed","sticky":false,"template":"","format":"standard","meta":[],"categories":[2057,8,9],"tags":[459,393,6187],"_links":{"self":[{"href":"https:\/\/bisbalpenedes.com\/web\/wp-json\/wp\/v2\/posts\/27285"}],"collection":[{"href":"https:\/\/bisbalpenedes.com\/web\/wp-json\/wp\/v2\/posts"}],"about":[{"href":"https:\/\/bisbalpenedes.com\/web\/wp-json\/wp\/v2\/types\/post"}],"author":[{"embeddable":true,"href":"https:\/\/bisbalpenedes.com\/web\/wp-json\/wp\/v2\/users\/4"}],"replies":[{"embeddable":true,"href":"https:\/\/bisbalpenedes.com\/web\/wp-json\/wp\/v2\/comments?post=27285"}],"version-history":[{"count":1,"href":"https:\/\/bisbalpenedes.com\/web\/wp-json\/wp\/v2\/posts\/27285\/revisions"}],"predecessor-version":[{"id":27287,"href":"https:\/\/bisbalpenedes.com\/web\/wp-json\/wp\/v2\/posts\/27285\/revisions\/27287"}],"wp:featuredmedia":[{"embeddable":true,"href":"https:\/\/bisbalpenedes.com\/web\/wp-json\/wp\/v2\/media\/27286"}],"wp:attachment":[{"href":"https:\/\/bisbalpenedes.com\/web\/wp-json\/wp\/v2\/media?parent=27285"}],"wp:term":[{"taxonomy":"category","embeddable":true,"href":"https:\/\/bisbalpenedes.com\/web\/wp-json\/wp\/v2\/categories?post=27285"},{"taxonomy":"post_tag","embeddable":true,"href":"https:\/\/bisbalpenedes.com\/web\/wp-json\/wp\/v2\/tags?post=27285"}],"curies":[{"name":"wp","href":"https:\/\/api.w.org\/{rel}","templated":true}]}}