{"id":27281,"date":"2023-08-22T18:23:30","date_gmt":"2023-08-22T16:23:30","guid":{"rendered":"https:\/\/bisbalpenedes.com\/web\/?p=27281"},"modified":"2023-08-22T18:23:30","modified_gmt":"2023-08-22T16:23:30","slug":"lalcaldessa-de-la-bisbal-del-penedes-ha-pres-possessio-del-carrec-de-membre-de-la-mancomunitat-penedes-garraf","status":"publish","type":"post","link":"https:\/\/bisbalpenedes.com\/web\/2023\/08\/22\/lalcaldessa-de-la-bisbal-del-penedes-ha-pres-possessio-del-carrec-de-membre-de-la-mancomunitat-penedes-garraf\/","title":{"rendered":"<strong>L\u2019alcaldessa de la Bisbal del Pened\u00e8s ha pres possessi\u00f3 del c\u00e0rrec de membre de la Mancomunitat Pened\u00e8s-Garraf<\/strong>"},"content":{"rendered":"\n<p>El passat 7 d\u2019agost, a les 12h, es va celebrar l\u2019assemblea de constituci\u00f3 de la Mancomunitat Pened\u00e8s-Garraf a Vilanova i la Geltr\u00fa. L\u2019Ajuntament \u00e9s membre de la Mancomunitat i, per aquest motiu, l\u2019alcaldessa Agn\u00e8s Ferr\u00e9 ha estat la persona designada per representar l\u2019Ajuntament de la Bisbal del Pened\u00e8s a la Mancomunitat Pened\u00e8s-Garraf. El regidor de Benestar Animal, Dani Caballero, n\u2019\u00e9s el seu substitut. Val a dir que el nou president de l\u2019entitat \u00e9s l\u2019alcalde de Vilanova i la Geltr\u00fa, Juan Luis Ruiz.<\/p>\n\n\n\n<p>L\u2019ajuntament bisbalenc va entrar a formar part de la Mancomunitat Pened\u00e8s-Garraf el 2020 i es va adherir al servei del Centre d\u2019Atenci\u00f3 d\u2019Animals Dom\u00e8stics (CAAD Pened\u00e8s),&nbsp; al servei d\u2019educaci\u00f3 ambiental i als serveis centrals.<\/p>\n\n\n\n<hr class=\"wp-block-separator has-alpha-channel-opacity\"\/>\n\n\n\n<p><strong>CASTELLANO |<\/strong>&nbsp;El pasado 7 de agosto, a las 12h, se celebr\u00f3 la asamblea de constituci\u00f3n de la Mancomunitat Pened\u00e8s-Garraf en Vilanova i la Geltr\u00fa. El Ayuntamiento es miembro de la Mancomunitat y, por este motivo, la alcaldesa Agn\u00e8s Ferr\u00e9 ha sido la persona designada para representar al Ayuntamiento de la Bisbal del Pened\u00e8s en la Mancomunitat Pened\u00e8s-Garraf. El concejal de Bienestar Animal, Dani Caballero, es su sustituto.&nbsp; Cabe decir que el nuevo presidente de la entidad es el alcalde de Vilanova i la Geltr\u00fa, Juan Luis Ruiz.<\/p>\n\n\n\n<p>El ayuntamiento bisbalenc entr\u00f3 a formar parte de la Mancomunitat Pened\u00e8s-Garraf en el 2020 y se adhiri\u00f3 al servicio del Centre d\u2019Atenci\u00f3 d\u2019Animals Dom\u00e8stics (CAAD Pened\u00e8s), al servicio de educaci\u00f3n ambiental y a los servicios centrales.<\/p>\n","protected":false},"excerpt":{"rendered":"<p>El passat 7 d\u2019agost, a les 12h, es va celebrar l\u2019assemblea de constituci\u00f3 de la Mancomunitat Pened\u00e8s-Garraf a Vilanova i la Geltr\u00fa. L\u2019Ajuntament \u00e9s membre de la Mancomunitat i, per &hellip; <a href=\"https:\/\/bisbalpenedes.com\/web\/2023\/08\/22\/lalcaldessa-de-la-bisbal-del-penedes-ha-pres-possessio-del-carrec-de-membre-de-la-mancomunitat-penedes-garraf\/\" class=\"more-link\">Read More<\/a><\/p>\n","protected":false},"author":4,"featured_media":27282,"comment_status":"closed","ping_status":"closed","sticky":false,"template":"","format":"standard","meta":[],"categories":[2057,6117,8],"tags":[1592,459,5931,393,2343,6186],"_links":{"self":[{"href":"https:\/\/bisbalpenedes.com\/web\/wp-json\/wp\/v2\/posts\/27281"}],"collection":[{"href":"https:\/\/bisbalpenedes.com\/web\/wp-json\/wp\/v2\/posts"}],"about":[{"href":"https:\/\/bisbalpenedes.com\/web\/wp-json\/wp\/v2\/types\/post"}],"author":[{"embeddable":true,"href":"https:\/\/bisbalpenedes.com\/web\/wp-json\/wp\/v2\/users\/4"}],"replies":[{"embeddable":true,"href":"https:\/\/bisbalpenedes.com\/web\/wp-json\/wp\/v2\/comments?post=27281"}],"version-history":[{"count":1,"href":"https:\/\/bisbalpenedes.com\/web\/wp-json\/wp\/v2\/posts\/27281\/revisions"}],"predecessor-version":[{"id":27283,"href":"https:\/\/bisbalpenedes.com\/web\/wp-json\/wp\/v2\/posts\/27281\/revisions\/27283"}],"wp:featuredmedia":[{"embeddable":true,"href":"https:\/\/bisbalpenedes.com\/web\/wp-json\/wp\/v2\/media\/27282"}],"wp:attachment":[{"href":"https:\/\/bisbalpenedes.com\/web\/wp-json\/wp\/v2\/media?parent=27281"}],"wp:term":[{"taxonomy":"category","embeddable":true,"href":"https:\/\/bisbalpenedes.com\/web\/wp-json\/wp\/v2\/categories?post=27281"},{"taxonomy":"post_tag","embeddable":true,"href":"https:\/\/bisbalpenedes.com\/web\/wp-json\/wp\/v2\/tags?post=27281"}],"curies":[{"name":"wp","href":"https:\/\/api.w.org\/{rel}","templated":true}]}}