{"id":27277,"date":"2023-08-22T18:20:16","date_gmt":"2023-08-22T16:20:16","guid":{"rendered":"https:\/\/bisbalpenedes.com\/web\/?p=27277"},"modified":"2023-08-22T18:20:16","modified_gmt":"2023-08-22T16:20:16","slug":"el-passat-dijous-10-dagost-es-va-celebrar-la-comissio-especial-de-comptes-de-lexercici-2022-els-comptes-estan-sanejats-amb-deute-zero","status":"publish","type":"post","link":"https:\/\/bisbalpenedes.com\/web\/2023\/08\/22\/el-passat-dijous-10-dagost-es-va-celebrar-la-comissio-especial-de-comptes-de-lexercici-2022-els-comptes-estan-sanejats-amb-deute-zero\/","title":{"rendered":"<strong>El passat dijous 10 d\u2019agost es va celebrar la Comissi\u00f3 Especial de Comptes de l\u2019Exercici 2022 \u2013 \u201cEls comptes estan sanejats amb deute zero\u201d<\/strong>"},"content":{"rendered":"\n<p>El passat dijous 10 d\u2019agost, a les 10 del mat\u00ed, va tenir lloc la Comissi\u00f3 Especial de Comptes de l\u2019Exercici 2022 amb l\u2019objectiu d\u2019examinar, estudiar i informar del Compte General anual del Pressupost de l\u2019Ajuntament de la Bisbal del Pened\u00e8s en compliment d\u2019all\u00f2 que disposa la Llei i el ROM. La Comissi\u00f3 de Comptes es va convocar el 20 de juliol i, des d\u2019aquell dia, tots els membres d\u2019aquesta -els regidors i regidores de cada grup pol\u00edtic amb representaci\u00f3 al Consistori, amb vot ponderat- han tingut acc\u00e9s a la documentaci\u00f3 per estudiar-la i poder consultar-la i plantejar dubtes. Aix\u00ed, els regidors i les regidores han tingut 21 dies per consultar la documentaci\u00f3 i l\u2019expedient.<\/p>\n\n\n\n<p>La Comissi\u00f3 Especial de Comptes est\u00e0 integrada per un membre de cada grup pol\u00edtic de la Corporaci\u00f3 amb vot ponderat:<\/p>\n\n\n\n<ul><li>Feliu Gil en representaci\u00f3 de Comprom\u00eds amb la Bisbal (5 vots ponderats)<\/li><li>Mart\u00edn Deluca en representaci\u00f3 de La Bisbal Decideix (2 vots ponderats)<\/li><li>Ra\u00fal Cort\u00e9s en representaci\u00f3 de Tots som la Bisbal-Urbanizaciones Unidas (2 vots ponderats)<\/li><li>Daniel Caballero en representaci\u00f3 del PSC (1 vot ponderat)<\/li><li>S\u00edlvia Monfort en representaci\u00f3 d\u2019ERC (1 vot ponderat)<\/li><\/ul>\n\n\n\n<p>De la Comissi\u00f3 tamb\u00e9 en prenen part l\u2019alcaldessa Agn\u00e8s Ferr\u00e9 com a presidenta, la secret\u00e0ria i la interventora municipal.<\/p>\n\n\n\n<p><strong>La Comissi\u00f3 de Comptes aprova el Compte General de l\u2019exercici 2022<\/strong><\/p>\n\n\n\n<p>La Comissi\u00f3 Especial de Comptes va aprovar el Compte General de l\u2019exercici 2022 amb 5 vots ponderats (a favor) de Comprom\u00eds amb la Bisbal, 2 vots ponderats (d\u2019abstenci\u00f3) de La Bisbal Decideix, 2 vots ponderats (en contra) de Tots som la Bisbal-Urbanizaciones Unidas, 1 vot ponderat (a favor) del PSC i 1 vot ponderat (a favor) d\u2019ERC. Per tant, el compte General de l\u2019exercici 2022 s\u2019ha aprovat favorablement i ha quedat justificat.<\/p>\n\n\n\n<p>L\u2019alcaldessa de la Bisbal del Pened\u00e8s, Agn\u00e8s Ferr\u00e9, ha explicat que \u201cdel 2015 al 2022, el pressupost ha crescut un 24%, els impostos han pujat un 0% i el deute s\u2019ha cancel\u00b7lat. Ha suposat passar d\u2019un endeutament de 1.188\u20ac per bisbalenc el 2014 a un endeutament de 0\u20ac per bisbalenc el 31 de desembre del 2022.En 7 anys i mig hem aconseguit un Ajuntament sanejat i sense endeutament. Ho hem aconseguit amb bona gesti\u00f3, amb m\u00e9s serveis i sense apujar impostos.\u201d<\/p>\n\n\n\n<p><strong><u>Explicaci\u00f3 de la liquidaci\u00f3 del pressupost de l\u2019exercici 2022:<\/u><\/strong><\/p>\n\n\n\n<p><strong>Liquidaci\u00f3 del pressupost 2022<\/strong><\/p>\n\n\n\n<p>-Pressupost aprovat inicial de 4.802.354,40\u20ac<\/p>\n\n\n\n<p>-Es liquida el pressupost amb 7.474.204,00\u20ac, per tant amb 2.671.849,60\u20ac m\u00e9s d\u2019ingressos dels pressupostats.<\/p>\n\n\n\n<p>-Aquests ingressos de 2.671.849,60\u20ac s\u00f3n procedents del super\u00e0vit d\u2019anys anteriors.<\/p>\n\n\n\n<p>-Super\u00e0vit pressupostari de 881.906,18\u20ac<\/p>\n\n\n\n<p>El Compte general del 2022, amb tots els seus documents i annexos, reflecteix fidelment la situaci\u00f3 econ\u00f2mica, financera i patrimonial de l\u2019ajuntament.<\/p>\n\n\n\n<p><strong>Aprovaci\u00f3 de la liquidaci\u00f3 del pressupost 2022<\/strong><\/p>\n\n\n\n<p>Per Decret d\u2019alcaldia del 14 de mar\u00e7 de 2023, s\u2019aprova la liquidaci\u00f3 del pressupost 2022. I al Ple ordinari del 20 de mar\u00e7 de 2023, es va donar compte de l\u2019informe d\u2019Intervenci\u00f3 relatiu al compliment dels objectius d\u2019estabilitat pressupost\u00e0ria de la liquidaci\u00f3 de l\u2019exercici 2022.<\/p>\n\n\n\n<p><span style=\"text-decoration: underline;\">Complim l\u2019objectiu d\u2019estabilitat pressupost\u00e0ria<\/span><\/p>\n\n\n\n<p>Es compleix perqu\u00e8 tenim super\u00e0vit pressupostari (els ingressos dels cap\u00edtols 1 a 7 del pressupost s\u00f3n suficients per finan\u00e7ar les despeses dels cap\u00edtols 1 a 7 del pressupost, la qual cosa representa una situaci\u00f3 de super\u00e0vit pressupostari) i una capacitat de finan\u00e7ament de 962.960,75\u20ac.<\/p>\n\n\n\n<p>Complim l\u2019objectiu de la regla de la despesa (situaci\u00f3 en la qual la variaci\u00f3 de la despesa computable no supera la taxa de refer\u00e8ncia de creixement del Producte Interior Brut corresponent a aquest exercici).<\/p>\n\n\n\n<p>A causa de la situaci\u00f3 de pand\u00e8mia per la COVID-19 i seguint les recomanacions de la Comissi\u00f3 Europea, el Consell de Ministres va aprovar la suspensi\u00f3 de la regla de la despesa durant els anys 2020, 2021 i 2022. Per\u00f2 aix\u00ed i tot, s\u2019ha calculat i l\u2019Ajuntament de la Bisbal del Pened\u00e8s la compleix.<\/p>\n\n\n\n<p>Coeficient de deute viu del 0%.<\/p>\n\n\n\n<p>Complim amb l\u2019objectiu del l\u00edmit de deute p\u00fablic, establert en el 110%, d\u2019acord amb normativa vigent.<\/p>\n\n\n\n<p>Complim amb aquest objectiu perqu\u00e8 l\u2019import del deute viu total a 31 de desembre de 2022 \u00e9s de 0\u20ac.<\/p>\n\n\n\n<hr class=\"wp-block-separator has-alpha-channel-opacity\"\/>\n\n\n\n<p><strong>CASTELLANO |<\/strong> El pasado jueves 10 de agosto, a las 10h de la ma\u00f1ana, tuvo lugar la Comisi\u00f3n Especial de Cuentas del Ejercicio 2022 con el objetivo de examinar, estudiar e informar de la Cuenta General anual del Presupuesto del Ayuntamiento de la Bisbal del Pened\u00e8s en cumplimiento de aquello que dispone la Ley y el ROM. La Comisi\u00f3n de Cuentas se convoc\u00f3 el 20 de julio y, desde aquel d\u00eda, todos los miembros de esta -los concejales y concejalas de cada grupo pol\u00edtico con representaci\u00f3n en el Consistorio, con voto ponderado- han tenido acceso a la documentaci\u00f3n para estudiarla y poder consultarla y plantear dudas. As\u00ed, los concejales y las concejalas han tenido 21 d\u00edas para consultar la documentaci\u00f3n y el expediente.<\/p>\n\n\n\n<p>La Comisi\u00f3n Especial de Cuentas est\u00e1 integrada por un miembro de cada grupo pol\u00edtico de la Corporaci\u00f3n con voto ponderado:<\/p>\n\n\n\n<ul><li>Feliu Gil en representaci\u00f3n de Comprom\u00eds amb la Bisbal (5 vots ponderats)<\/li><li>Mart\u00edn Deluca en representaci\u00f3n de La Bisbal Decideix (2 vots ponderats)<\/li><li>Ra\u00fal Cort\u00e9s en representaci\u00f3n de Tots som la Bisbal-Urbanizaciones Unidas (2 votos ponderados)<\/li><li>Daniel Caballero en representaci\u00f3n del PSC (1 voto ponderado)<\/li><li>S\u00edlvia Monfort en representaci\u00f3n de ERC-AM (1 voto ponderado)<\/li><\/ul>\n\n\n\n<p>De la comisi\u00f3n tambi\u00e9n toman parte la alcaldesa Ang\u00e8s Ferr\u00e9 como presidenta, la secretaria y la interventora municipal.<\/p>\n\n\n\n<p><strong>La Comisi\u00f3n de Cuentas aprueba la Cuenta General del ejercicio 2022<\/strong><\/p>\n\n\n\n<p>La Comisi\u00f3n Especial de Cuentas aprob\u00f3 la Cuenta General del ejercicio 2022 con 5 votos ponderados (a favor) de Comprom\u00eds amb la Bisbal, 2 votos ponderados (de abstenci\u00f3n) de La Bisbal Decideix, 2 votos ponderados (en contra) de Tots som la Bisbal-Urbanizaciones Unidas, 1 voto ponderado (a favor) del PSC y 1 voto ponderado (a favor) de ERC. Por consiguiente, la cuenta General del ejercicio 2022 se aprob\u00f3 favorablemente y qued\u00f3 justificada.<\/p>\n\n\n\n<p>La alcaldesa de la Bisbal del Pened\u00e8s explic\u00f3 que \u201cdel 2015 al 2022, el presupuesto ha crecido un 24%, los impuestos han subido un 0% y la deuda se ha cancelado. Ha supuesto pasar de un endeudamiento de 1.188\u20ac por bisbalenc el 2014 a aun endeudamiento de 0\u20ac por bisbalenc el 31 de diciembre del 2022. En 7 a\u00f1os y medio hemos conseguido un Ayuntamiento saneado y sin endeudamiento. Lo hemos conseguido con buena gesti\u00f3n, con m\u00e1s servicios y sin subir impuestos\u201d.<\/p>\n\n\n\n<p><span style=\"text-decoration: underline;\"><strong>Explicaci\u00f3n de la liquidaci\u00f3n del presupuesto del ejercicio 2022:<\/strong><\/span><\/p>\n\n\n\n<p><strong>Liquidaci\u00f3n del presupuesto 2022<\/strong><\/p>\n\n\n\n<p>-Presupuesto aprobado inicial de 4.802.354,40\u20ac<\/p>\n\n\n\n<p>-Liquidamos el presupuesto con 7.474.204,00\u20ac, por tanto, con 2.671.849,60\u20ac m\u00e1s de ingresos de los presupuestados.<\/p>\n\n\n\n<p>-Estos ingresos de 2.671.849,60\u20ac son procedentes del super\u00e1vit de a\u00f1os anteriores.<\/p>\n\n\n\n<p>-Super\u00e1vit presupuestario de 881.906,18\u20ac<\/p>\n\n\n\n<p>La cuenta general del 2022, con todos sus documentos y anexos, refleja fielmente la situaci\u00f3n econ\u00f3mica, financiera y patrimonial del ayuntamiento.<\/p>\n\n\n\n<p><strong>Aprobaci\u00f3n de la liquidaci\u00f3n del presupuesto 2022<\/strong><\/p>\n\n\n\n<p>Por Decreto de alcald\u00eda del 14 de marzo de 2023, se aprueba la liquidaci\u00f3n del presupuesto 2022. Y en el Pleno ordinario del 20 de marzo de 2023, se dio cuenta del informe de Intervenci\u00f3n relativo al cumplimiento de los objetivos de estabilidad presupuestaria de la liquidaci\u00f3n del ejercicio 2022.<\/p>\n\n\n\n<p><span style=\"text-decoration: underline;\">Cumplimos el objetivo de estabilidad presupuestaria<\/span><\/p>\n\n\n\n<p>Se cumple porque tenemos super\u00e1vit presupuestario (los ingresos de los cap\u00edtulos 1 a 7 del presupuesto son suficientes para financiar los gastos de los cap\u00edtulos 1 al 7 del presupuesto, la cual cosa representa una situaci\u00f3n de super\u00e1vit presupuestario) y una capacidad de financiaci\u00f3n de 962.960,75\u20ac.<\/p>\n\n\n\n<p>Cumplimos el objetivo de la regla del gasto (situaci\u00f3n en la que la variaci\u00f3n del gasto computable no supera la tasa de referencia de crecimiento del Producto Interior Bruto correspondiente a este ejercicio). A causa de la situaci\u00f3n de pandemia por la COVID-19 y siguiendo las recomendaciones de la Comisi\u00f3n Europea, el Consejo de Ministros aprob\u00f3 la suspensi\u00f3n de la regla del gasto durante los a\u00f1os 2020, 2021 y 2022. Aun as\u00ed, se ha calculado y el Ayuntamiento de la Bisbal del Pened\u00e8s la cumple.<\/p>\n\n\n\n<p>Coeficiente de la deuda viva del 0%.<\/p>\n\n\n\n<p>Cumplimos con el objetivo del l\u00edmite de deuda p\u00fablica, establecido en el 110% de acuerdo con la normativa vigente.<\/p>\n\n\n\n<p>Cumplimos con este objetivo porque el importe de la deuda viva total a 31 de diciembre de 2022 es de 0\u20ac.<\/p>\n","protected":false},"excerpt":{"rendered":"<p>El passat dijous 10 d\u2019agost, a les 10 del mat\u00ed, va tenir lloc la Comissi\u00f3 Especial de Comptes de l\u2019Exercici 2022 amb l\u2019objectiu d\u2019examinar, estudiar i informar del Compte General &hellip; <a href=\"https:\/\/bisbalpenedes.com\/web\/2023\/08\/22\/el-passat-dijous-10-dagost-es-va-celebrar-la-comissio-especial-de-comptes-de-lexercici-2022-els-comptes-estan-sanejats-amb-deute-zero\/\" class=\"more-link\">Read More<\/a><\/p>\n","protected":false},"author":4,"featured_media":27278,"comment_status":"closed","ping_status":"closed","sticky":false,"template":"","format":"standard","meta":[],"categories":[3835,8],"tags":[459,2077,3941,393,1374],"_links":{"self":[{"href":"https:\/\/bisbalpenedes.com\/web\/wp-json\/wp\/v2\/posts\/27277"}],"collection":[{"href":"https:\/\/bisbalpenedes.com\/web\/wp-json\/wp\/v2\/posts"}],"about":[{"href":"https:\/\/bisbalpenedes.com\/web\/wp-json\/wp\/v2\/types\/post"}],"author":[{"embeddable":true,"href":"https:\/\/bisbalpenedes.com\/web\/wp-json\/wp\/v2\/users\/4"}],"replies":[{"embeddable":true,"href":"https:\/\/bisbalpenedes.com\/web\/wp-json\/wp\/v2\/comments?post=27277"}],"version-history":[{"count":1,"href":"https:\/\/bisbalpenedes.com\/web\/wp-json\/wp\/v2\/posts\/27277\/revisions"}],"predecessor-version":[{"id":27279,"href":"https:\/\/bisbalpenedes.com\/web\/wp-json\/wp\/v2\/posts\/27277\/revisions\/27279"}],"wp:featuredmedia":[{"embeddable":true,"href":"https:\/\/bisbalpenedes.com\/web\/wp-json\/wp\/v2\/media\/27278"}],"wp:attachment":[{"href":"https:\/\/bisbalpenedes.com\/web\/wp-json\/wp\/v2\/media?parent=27277"}],"wp:term":[{"taxonomy":"category","embeddable":true,"href":"https:\/\/bisbalpenedes.com\/web\/wp-json\/wp\/v2\/categories?post=27277"},{"taxonomy":"post_tag","embeddable":true,"href":"https:\/\/bisbalpenedes.com\/web\/wp-json\/wp\/v2\/tags?post=27277"}],"curies":[{"name":"wp","href":"https:\/\/api.w.org\/{rel}","templated":true}]}}