{"id":2726,"date":"2017-07-05T01:58:25","date_gmt":"2017-07-04T19:58:25","guid":{"rendered":"http:\/\/bisbalpenedes.com\/web\/?p=2726"},"modified":"2017-07-05T02:04:18","modified_gmt":"2017-07-04T20:04:18","slug":"mas-llagostera-rep-el-premi-denoturisme-de-catalunya-en-la-categoria-dallotjament-i-restauraci","status":"publish","type":"post","link":"https:\/\/bisbalpenedes.com\/web\/2017\/07\/05\/mas-llagostera-rep-el-premi-denoturisme-de-catalunya-en-la-categoria-dallotjament-i-restauraci\/","title":{"rendered":"Mas Llagostera rep el Premi d\u2019Enoturisme de Catalunya en la categoria d\u2019Allotjament i Restauraci\u00f3"},"content":{"rendered":"<p style=\"text-align: center;\"><a href=\"http:\/\/bisbalpenedes.com\/web\/wp-content\/uploads\/2017\/07\/2017-07-04-PHOTO-00002088.jpg\"><img loading=\"lazy\" class=\"aligncenter\" title=\"Nit enoturisme\" src=\"http:\/\/bisbalpenedes.com\/web\/wp-content\/uploads\/2017\/07\/2017-07-04-PHOTO-00002088-1024x575.jpg\" alt=\"\" width=\"630\" height=\"353\" \/><\/a><span style=\"font-size: 0.75em; text-align: center;\">Representants del col\u00b7lectiu Enoturisme Pened\u00e8s amb membres de l&#8217;equip de govern de La Bisbal del Pened\u00e8s i representants de Mas Llagostera<\/span><\/p>\n<p style=\"text-align: justify;\">Aquest dimarts s\u2019ha tingut lloc la 3a edici\u00f3 de la Nit de l\u2019Enoturisme a Catalunya, organitzada per la Direcci\u00f3 General de Turisme i l\u2019Ag\u00e8ncia Catalana de Turisme. Es tracta d\u2019un esdeveniment que pret\u00e9n ser el punt de trobada del sector enotur\u00edstic catal\u00e0.<\/p>\n<p style=\"text-align: justify;\">Durant aquesta gala ha tingut lloc l\u2019entrega dels Premis d\u2019Enoturisme de Catalunya que han premiat Mas Llagostera en la categoria d\u2019Allotjament i Restauraci\u00f3. En la categoria Cellers s\u2019ha premiat el celler La Vinyeta de l\u2019Alt Empord\u00e0 i en la categoria Experi\u00e8ncies i Innovaci\u00f3 el premi ha anat a parar\u00a0 a l\u2019Associaci\u00f3 La Carretera del Vi de Vilafranca del Pened\u00e8s (Alt Pened\u00e8s)<\/p>\n<p style=\"text-align: justify;\">L\u2019alcaldessa de la Bisbal, Agn\u00e8s Ferr\u00e9, ha destacat que \u201cs\u00f3n uns premis importants perqu\u00e8 els atorga la Generalitat i es premien iniciatives d\u2019arreu de Catalunya i, per tant, Mas Llagostera est\u00e0 entre les millors. De fet en aquesta edici\u00f3 dels premis s\u2019han premiat tres iniciatives de diferents categories i una d\u2019elles \u00e9s Mas Llagostera\u201d.<a href=\"http:\/\/bisbalpenedes.com\/web\/wp-content\/uploads\/2017\/07\/2017-07-04-PHOTO-00002088.jpg\"><br \/>\n<\/a><a href=\"http:\/\/bisbalpenedes.com\/web\/wp-content\/uploads\/2017\/07\/2017-07-04-PHOTO-00002083.jpg\"><br \/>\n<\/a><\/p>\n<div id='gallery-1' class='gallery galleryid-2726 gallery-columns-5 gallery-size-thumbnail'><figure class='gallery-item'>\n\t\t\t<div class='gallery-icon landscape'>\n\t\t\t\t<a href='https:\/\/bisbalpenedes.com\/web\/2017\/07\/05\/mas-llagostera-rep-el-premi-denoturisme-de-catalunya-en-la-categoria-dallotjament-i-restauraci\/2017-07-04-photo-00002088\/'><img width=\"150\" height=\"150\" src=\"https:\/\/bisbalpenedes.com\/web\/wp-content\/uploads\/2017\/07\/2017-07-04-PHOTO-00002088-150x150.jpg\" class=\"attachment-thumbnail size-thumbnail\" alt=\"\" loading=\"lazy\" srcset=\"https:\/\/bisbalpenedes.com\/web\/wp-content\/uploads\/2017\/07\/2017-07-04-PHOTO-00002088-150x150.jpg 150w, https:\/\/bisbalpenedes.com\/web\/wp-content\/uploads\/2017\/07\/2017-07-04-PHOTO-00002088-300x300.jpg 300w, https:\/\/bisbalpenedes.com\/web\/wp-content\/uploads\/2017\/07\/2017-07-04-PHOTO-00002088-100x100.jpg 100w\" sizes=\"(max-width: 150px) 100vw, 150px\" \/><\/a>\n\t\t\t<\/div><\/figure><figure class='gallery-item'>\n\t\t\t<div class='gallery-icon landscape'>\n\t\t\t\t<a href='https:\/\/bisbalpenedes.com\/web\/2017\/07\/05\/mas-llagostera-rep-el-premi-denoturisme-de-catalunya-en-la-categoria-dallotjament-i-restauraci\/2017-07-04-photo-00002083\/'><img width=\"150\" height=\"150\" src=\"https:\/\/bisbalpenedes.com\/web\/wp-content\/uploads\/2017\/07\/2017-07-04-PHOTO-00002083-150x150.jpg\" class=\"attachment-thumbnail size-thumbnail\" alt=\"\" loading=\"lazy\" srcset=\"https:\/\/bisbalpenedes.com\/web\/wp-content\/uploads\/2017\/07\/2017-07-04-PHOTO-00002083-150x150.jpg 150w, https:\/\/bisbalpenedes.com\/web\/wp-content\/uploads\/2017\/07\/2017-07-04-PHOTO-00002083-300x300.jpg 300w, https:\/\/bisbalpenedes.com\/web\/wp-content\/uploads\/2017\/07\/2017-07-04-PHOTO-00002083-100x100.jpg 100w\" sizes=\"(max-width: 150px) 100vw, 150px\" \/><\/a>\n\t\t\t<\/div><\/figure><figure class='gallery-item'>\n\t\t\t<div class='gallery-icon landscape'>\n\t\t\t\t<a href='https:\/\/bisbalpenedes.com\/web\/2017\/07\/05\/mas-llagostera-rep-el-premi-denoturisme-de-catalunya-en-la-categoria-dallotjament-i-restauraci\/2017-07-04-photo-00002085\/'><img width=\"150\" height=\"150\" src=\"https:\/\/bisbalpenedes.com\/web\/wp-content\/uploads\/2017\/07\/2017-07-04-PHOTO-00002085-150x150.jpg\" class=\"attachment-thumbnail size-thumbnail\" alt=\"\" loading=\"lazy\" srcset=\"https:\/\/bisbalpenedes.com\/web\/wp-content\/uploads\/2017\/07\/2017-07-04-PHOTO-00002085-150x150.jpg 150w, https:\/\/bisbalpenedes.com\/web\/wp-content\/uploads\/2017\/07\/2017-07-04-PHOTO-00002085-300x300.jpg 300w, https:\/\/bisbalpenedes.com\/web\/wp-content\/uploads\/2017\/07\/2017-07-04-PHOTO-00002085-100x100.jpg 100w\" sizes=\"(max-width: 150px) 100vw, 150px\" \/><\/a>\n\t\t\t<\/div><\/figure><figure class='gallery-item'>\n\t\t\t<div class='gallery-icon landscape'>\n\t\t\t\t<a href='https:\/\/bisbalpenedes.com\/web\/2017\/07\/05\/mas-llagostera-rep-el-premi-denoturisme-de-catalunya-en-la-categoria-dallotjament-i-restauraci\/2017-07-04-photo-00002088-2\/'><img width=\"150\" height=\"150\" src=\"https:\/\/bisbalpenedes.com\/web\/wp-content\/uploads\/2017\/07\/2017-07-04-PHOTO-000020881-150x150.jpg\" class=\"attachment-thumbnail size-thumbnail\" alt=\"\" loading=\"lazy\" srcset=\"https:\/\/bisbalpenedes.com\/web\/wp-content\/uploads\/2017\/07\/2017-07-04-PHOTO-000020881-150x150.jpg 150w, https:\/\/bisbalpenedes.com\/web\/wp-content\/uploads\/2017\/07\/2017-07-04-PHOTO-000020881-300x300.jpg 300w, https:\/\/bisbalpenedes.com\/web\/wp-content\/uploads\/2017\/07\/2017-07-04-PHOTO-000020881-100x100.jpg 100w\" sizes=\"(max-width: 150px) 100vw, 150px\" \/><\/a>\n\t\t\t<\/div><\/figure><figure class='gallery-item'>\n\t\t\t<div class='gallery-icon portrait'>\n\t\t\t\t<a href='https:\/\/bisbalpenedes.com\/web\/2017\/07\/05\/mas-llagostera-rep-el-premi-denoturisme-de-catalunya-en-la-categoria-dallotjament-i-restauraci\/2017-07-04-photo-00002086\/'><img width=\"150\" height=\"150\" src=\"https:\/\/bisbalpenedes.com\/web\/wp-content\/uploads\/2017\/07\/2017-07-04-PHOTO-00002086-150x150.jpg\" class=\"attachment-thumbnail size-thumbnail\" alt=\"\" loading=\"lazy\" srcset=\"https:\/\/bisbalpenedes.com\/web\/wp-content\/uploads\/2017\/07\/2017-07-04-PHOTO-00002086-150x150.jpg 150w, https:\/\/bisbalpenedes.com\/web\/wp-content\/uploads\/2017\/07\/2017-07-04-PHOTO-00002086-300x300.jpg 300w, https:\/\/bisbalpenedes.com\/web\/wp-content\/uploads\/2017\/07\/2017-07-04-PHOTO-00002086-100x100.jpg 100w\" sizes=\"(max-width: 150px) 100vw, 150px\" \/><\/a>\n\t\t\t<\/div><\/figure>\n\t\t<\/div>\n\n<div><\/div>\n","protected":false},"excerpt":{"rendered":"<p>Representants del col\u00b7lectiu Enoturisme Pened\u00e8s amb membres de l&#8217;equip de govern de La Bisbal del Pened\u00e8s i representants de Mas Llagostera Aquest dimarts s\u2019ha tingut lloc la 3a edici\u00f3 de &hellip; <a href=\"https:\/\/bisbalpenedes.com\/web\/2017\/07\/05\/mas-llagostera-rep-el-premi-denoturisme-de-catalunya-en-la-categoria-dallotjament-i-restauraci\/\" class=\"more-link\">Read More<\/a><\/p>\n","protected":false},"author":4,"featured_media":2727,"comment_status":"closed","ping_status":"closed","sticky":false,"template":"","format":"standard","meta":[],"categories":[4],"tags":[585,583,491,178,586,492,328,584],"_links":{"self":[{"href":"https:\/\/bisbalpenedes.com\/web\/wp-json\/wp\/v2\/posts\/2726"}],"collection":[{"href":"https:\/\/bisbalpenedes.com\/web\/wp-json\/wp\/v2\/posts"}],"about":[{"href":"https:\/\/bisbalpenedes.com\/web\/wp-json\/wp\/v2\/types\/post"}],"author":[{"embeddable":true,"href":"https:\/\/bisbalpenedes.com\/web\/wp-json\/wp\/v2\/users\/4"}],"replies":[{"embeddable":true,"href":"https:\/\/bisbalpenedes.com\/web\/wp-json\/wp\/v2\/comments?post=2726"}],"version-history":[{"count":5,"href":"https:\/\/bisbalpenedes.com\/web\/wp-json\/wp\/v2\/posts\/2726\/revisions"}],"predecessor-version":[{"id":2734,"href":"https:\/\/bisbalpenedes.com\/web\/wp-json\/wp\/v2\/posts\/2726\/revisions\/2734"}],"wp:featuredmedia":[{"embeddable":true,"href":"https:\/\/bisbalpenedes.com\/web\/wp-json\/wp\/v2\/media\/2727"}],"wp:attachment":[{"href":"https:\/\/bisbalpenedes.com\/web\/wp-json\/wp\/v2\/media?parent=2726"}],"wp:term":[{"taxonomy":"category","embeddable":true,"href":"https:\/\/bisbalpenedes.com\/web\/wp-json\/wp\/v2\/categories?post=2726"},{"taxonomy":"post_tag","embeddable":true,"href":"https:\/\/bisbalpenedes.com\/web\/wp-json\/wp\/v2\/tags?post=2726"}],"curies":[{"name":"wp","href":"https:\/\/api.w.org\/{rel}","templated":true}]}}