{"id":27251,"date":"2023-08-22T12:02:52","date_gmt":"2023-08-22T10:02:52","guid":{"rendered":"https:\/\/bisbalpenedes.com\/web\/?p=27251"},"modified":"2023-08-22T12:02:52","modified_gmt":"2023-08-22T10:02:52","slug":"avui-sha-enterrat-al-pati-de-lescola-la-capsula-del-temps-que-han-fet-els-alumnes-de-lescola-ull-de-vent","status":"publish","type":"post","link":"https:\/\/bisbalpenedes.com\/web\/2023\/08\/22\/avui-sha-enterrat-al-pati-de-lescola-la-capsula-del-temps-que-han-fet-els-alumnes-de-lescola-ull-de-vent\/","title":{"rendered":"Avui s&#8217;ha enterrat -al pati de l&#8217;escola- la c\u00e0psula del temps que han fet els alumnes de l&#8217;escola Ull de Vent"},"content":{"rendered":"\n<p>L\u2019alcaldessa en funcions, Judith Vidal; i el regidor d\u2019Ensenyament, Dani Caballero, han dipositat una c\u00e0psula del temps al pati de l\u2019escola Ull de Vent aprofitant les obres que s\u2019hi estan executant.<\/p>\n\n\n\n<p>La c\u00e0psula del temps l\u2019han preparat els alumnes de 4t, 5\u00e8 i 6\u00e8 perqu\u00e8 els nens del futur la puguin obrir i descobrir com eren els nens del passat.<\/p>\n\n\n\n<figure class=\"wp-block-image size-full\"><img loading=\"lazy\" width=\"1024\" height=\"768\" src=\"https:\/\/bisbalpenedes.com\/web\/wp-content\/uploads\/2023\/08\/WhatsApp-Image-2023-08-22-at-10.50.31.jpeg\" alt=\"\" class=\"wp-image-27253\" srcset=\"https:\/\/bisbalpenedes.com\/web\/wp-content\/uploads\/2023\/08\/WhatsApp-Image-2023-08-22-at-10.50.31.jpeg 1024w, https:\/\/bisbalpenedes.com\/web\/wp-content\/uploads\/2023\/08\/WhatsApp-Image-2023-08-22-at-10.50.31-300x225.jpeg 300w, https:\/\/bisbalpenedes.com\/web\/wp-content\/uploads\/2023\/08\/WhatsApp-Image-2023-08-22-at-10.50.31-768x576.jpeg 768w, https:\/\/bisbalpenedes.com\/web\/wp-content\/uploads\/2023\/08\/WhatsApp-Image-2023-08-22-at-10.50.31-600x450.jpeg 600w\" sizes=\"(max-width: 1024px) 100vw, 1024px\" \/><\/figure>\n\n\n\n<hr class=\"wp-block-separator has-alpha-channel-opacity\"\/>\n\n\n\n<p><strong>CASTELLANO |&nbsp;<\/strong>La alcaldesa en funciones, Judith Vidal; y el concejal de Educaci\u00f3n, Dani Caballero, han depositado una c\u00e1psula del tiempo en el patio de la escuela Ull de Vent aprovechando las obras que se est\u00e1n ejecutando.<\/p>\n\n\n\n<p>La c\u00e1psula del tiempo la han preparado los alumnos de 4\u00ba, 5\u00ba y 6\u00ba para que los ni\u00f1os del futuro la puedan abrir y descubrir c\u00f3mo eran los ni\u00f1os del pasado.<\/p>\n","protected":false},"excerpt":{"rendered":"<p>L\u2019alcaldessa en funcions, Judith Vidal; i el regidor d\u2019Ensenyament, Dani Caballero, han dipositat una c\u00e0psula del temps al pati de l\u2019escola Ull de Vent aprofitant les obres que s\u2019hi estan &hellip; <a href=\"https:\/\/bisbalpenedes.com\/web\/2023\/08\/22\/avui-sha-enterrat-al-pati-de-lescola-la-capsula-del-temps-que-han-fet-els-alumnes-de-lescola-ull-de-vent\/\" class=\"more-link\">Read More<\/a><\/p>\n","protected":false},"author":4,"featured_media":27252,"comment_status":"closed","ping_status":"closed","sticky":false,"template":"","format":"standard","meta":[],"categories":[2057,3456,8],"tags":[4849,459,6183,337,393],"_links":{"self":[{"href":"https:\/\/bisbalpenedes.com\/web\/wp-json\/wp\/v2\/posts\/27251"}],"collection":[{"href":"https:\/\/bisbalpenedes.com\/web\/wp-json\/wp\/v2\/posts"}],"about":[{"href":"https:\/\/bisbalpenedes.com\/web\/wp-json\/wp\/v2\/types\/post"}],"author":[{"embeddable":true,"href":"https:\/\/bisbalpenedes.com\/web\/wp-json\/wp\/v2\/users\/4"}],"replies":[{"embeddable":true,"href":"https:\/\/bisbalpenedes.com\/web\/wp-json\/wp\/v2\/comments?post=27251"}],"version-history":[{"count":1,"href":"https:\/\/bisbalpenedes.com\/web\/wp-json\/wp\/v2\/posts\/27251\/revisions"}],"predecessor-version":[{"id":27254,"href":"https:\/\/bisbalpenedes.com\/web\/wp-json\/wp\/v2\/posts\/27251\/revisions\/27254"}],"wp:featuredmedia":[{"embeddable":true,"href":"https:\/\/bisbalpenedes.com\/web\/wp-json\/wp\/v2\/media\/27252"}],"wp:attachment":[{"href":"https:\/\/bisbalpenedes.com\/web\/wp-json\/wp\/v2\/media?parent=27251"}],"wp:term":[{"taxonomy":"category","embeddable":true,"href":"https:\/\/bisbalpenedes.com\/web\/wp-json\/wp\/v2\/categories?post=27251"},{"taxonomy":"post_tag","embeddable":true,"href":"https:\/\/bisbalpenedes.com\/web\/wp-json\/wp\/v2\/tags?post=27251"}],"curies":[{"name":"wp","href":"https:\/\/api.w.org\/{rel}","templated":true}]}}