{"id":27249,"date":"2023-08-22T11:32:23","date_gmt":"2023-08-22T09:32:23","guid":{"rendered":"https:\/\/bisbalpenedes.com\/web\/?p=27249"},"modified":"2023-08-22T11:32:23","modified_gmt":"2023-08-22T09:32:23","slug":"lajuntament-sadhereix-al-pla-agrupat-de-formacio-continua-de-lacm-i-de-la-diputacio-per-als-empleats-publics","status":"publish","type":"post","link":"https:\/\/bisbalpenedes.com\/web\/2023\/08\/22\/lajuntament-sadhereix-al-pla-agrupat-de-formacio-continua-de-lacm-i-de-la-diputacio-per-als-empleats-publics\/","title":{"rendered":"<strong>L\u2019Ajuntament s\u2019adhereix al Pla Agrupat de Formaci\u00f3 Cont\u00ednua de l\u2019ACM i de la Diputaci\u00f3 per als empleats p\u00fablics<\/strong>"},"content":{"rendered":"\n<p>L\u2019Ajuntament de la Bisbal del Pened\u00e8s s\u2019ha adherit al Pla Agrupat de Formaci\u00f3 de 2024 promogut per l\u2019Associaci\u00f3 Catalana de Municipis (ACM) i les diputacions de Tarragona, Girona i Lleida en el marc de l\u2019Acord de Formaci\u00f3 del Treball de les Administracions P\u00fabliques (AFEDAP).<\/p>\n\n\n\n<p>L\u2019alcaldessa del municipi, Agn\u00e8s Ferr\u00e9, va aprovar l\u2019adhesi\u00f3 mitjan\u00e7ant Decret d\u2019alcaldia el passat 31 de juliol i ha explicat que <em>\u201ccada any ens hi adherim, ja que permet que els treballadors de l\u2019Ajuntament de la Bisbal del Pened\u00e8s puguin accedir a formacions adequades als seus llocs de treball i, d\u2019aquesta manera, prestar un millor servei a l\u2019Ajuntament, oferir una millor atenci\u00f3 a la ciutadania i con\u00e8ixer les actualitzacions del sector p\u00fablic local de primera m\u00e0\u201d.<\/em><\/p>\n\n\n\n<hr class=\"wp-block-separator has-alpha-channel-opacity\"\/>\n\n\n\n<p><strong>CASTELLANO |<\/strong> El Ajuntament de la Bisbal del Pened\u00e8s se ha adherido al Plan Agrupado de Formaci\u00f3n de 2024 promovido por la Associaci\u00f3 Catalana de Municipis (ACM) y las diputaciones de Tarragona, Girona y Lleida en el marco del Acuerdo de Formaci\u00f3n del Trabajo de las Administraciones p\u00fablicas (AFEDAP).<\/p>\n\n\n\n<p>La alcaldesa del municipio, Agn\u00e8s Ferr\u00e9, aprob\u00f3 la adhesi\u00f3n mediante Decreto de alcald\u00eda el pasado 31 de julio y ha explicado que \u201ccada a\u00f1o nos adherimos, ya que permite que los trabajadores del Ayuntamiento de la Bisbal del Pened\u00e8s puedan acceder a formaciones adecuadas a sus puestos de trabajo y, de esta manera, prestar un mejor servicio al Ayuntamiento, ofrecer una mejor atenci\u00f3n a la ciudadan\u00eda y conocer las actualizaciones del sector p\u00fablico local de primera mano\u201d.<\/p>\n","protected":false},"excerpt":{"rendered":"<p>L\u2019Ajuntament de la Bisbal del Pened\u00e8s s\u2019ha adherit al Pla Agrupat de Formaci\u00f3 de 2024 promogut per l\u2019Associaci\u00f3 Catalana de Municipis (ACM) i les diputacions de Tarragona, Girona i Lleida &hellip; <a href=\"https:\/\/bisbalpenedes.com\/web\/2023\/08\/22\/lajuntament-sadhereix-al-pla-agrupat-de-formacio-continua-de-lacm-i-de-la-diputacio-per-als-empleats-publics\/\" class=\"more-link\">Read More<\/a><\/p>\n","protected":false},"author":4,"featured_media":13539,"comment_status":"closed","ping_status":"closed","sticky":false,"template":"","format":"standard","meta":[],"categories":[2402,8],"tags":[216,459,12,6182,393],"_links":{"self":[{"href":"https:\/\/bisbalpenedes.com\/web\/wp-json\/wp\/v2\/posts\/27249"}],"collection":[{"href":"https:\/\/bisbalpenedes.com\/web\/wp-json\/wp\/v2\/posts"}],"about":[{"href":"https:\/\/bisbalpenedes.com\/web\/wp-json\/wp\/v2\/types\/post"}],"author":[{"embeddable":true,"href":"https:\/\/bisbalpenedes.com\/web\/wp-json\/wp\/v2\/users\/4"}],"replies":[{"embeddable":true,"href":"https:\/\/bisbalpenedes.com\/web\/wp-json\/wp\/v2\/comments?post=27249"}],"version-history":[{"count":1,"href":"https:\/\/bisbalpenedes.com\/web\/wp-json\/wp\/v2\/posts\/27249\/revisions"}],"predecessor-version":[{"id":27250,"href":"https:\/\/bisbalpenedes.com\/web\/wp-json\/wp\/v2\/posts\/27249\/revisions\/27250"}],"wp:featuredmedia":[{"embeddable":true,"href":"https:\/\/bisbalpenedes.com\/web\/wp-json\/wp\/v2\/media\/13539"}],"wp:attachment":[{"href":"https:\/\/bisbalpenedes.com\/web\/wp-json\/wp\/v2\/media?parent=27249"}],"wp:term":[{"taxonomy":"category","embeddable":true,"href":"https:\/\/bisbalpenedes.com\/web\/wp-json\/wp\/v2\/categories?post=27249"},{"taxonomy":"post_tag","embeddable":true,"href":"https:\/\/bisbalpenedes.com\/web\/wp-json\/wp\/v2\/tags?post=27249"}],"curies":[{"name":"wp","href":"https:\/\/api.w.org\/{rel}","templated":true}]}}