{"id":27243,"date":"2023-08-21T17:49:07","date_gmt":"2023-08-21T15:49:07","guid":{"rendered":"https:\/\/bisbalpenedes.com\/web\/?p=27243"},"modified":"2023-08-21T17:50:20","modified_gmt":"2023-08-21T15:50:20","slug":"les-educadores-de-la-llar-dinfants-municipal-loreneta-continuen-formant-se-per-oferir-un-bon-servei","status":"publish","type":"post","link":"https:\/\/bisbalpenedes.com\/web\/2023\/08\/21\/les-educadores-de-la-llar-dinfants-municipal-loreneta-continuen-formant-se-per-oferir-un-bon-servei\/","title":{"rendered":"<strong>Les educadores de la Llar d\u2019infants municipal l\u2019Oreneta continuen formant-se per oferir un bon servei<\/strong>"},"content":{"rendered":"\n<pre class=\"wp-block-preformatted\">*Foto d'arxiu<\/pre>\n\n\n\n<p>Les t\u00e8cniques de la Llar d\u2019infants municipal l\u2019Oreneta continuen formant-se amb l\u2019objectiu d\u2019adaptar-se a les novetats anunciades pel Departament d\u2019Ensenyament de la Generalitat de Catalunya. Per aquest motiu, aquest mes de juliol han participat en una formaci\u00f3 i el proper mes d\u2019octubre se\u2019n far\u00e0 una altra, m\u00e9s espec\u00edfica.<\/p>\n\n\n\n<p>El Decret 21\/2023, del 7 de febrer, d\u2019ordenaci\u00f3 dels ensenyaments de l\u2019educaci\u00f3 infantil, ha definit el nou curr\u00edculum de l\u2019educaci\u00f3 infantil a Catalunya, que s\u2019ha d\u2019implementar d\u2019aqu\u00ed a dos cursos. Aquest pla estableix que les educadores es formin per a l\u2019adequada implementaci\u00f3 del nou curr\u00edculum d\u2019educaci\u00f3 infantil i, per aquest motiu, totes les educadores de la llar d\u2019infants municipal han realitzat una formaci\u00f3 de 30 hores durant el mes de juliol. A m\u00e9s, a l\u2019octubre, l\u2019educadora que s\u2019encarrega de l\u2019\u00e0rea d\u2019angl\u00e8s far\u00e0 el curs \u201cCantem en angl\u00e8s. Guia pr\u00e0ctica per introduir l\u2019angl\u00e8s a l\u2019educaci\u00f3 infantil\u201d.<\/p>\n\n\n\n<p>Tenint en compte aquestes noves necessitats formatives, la directora de la llar d\u2019infants va sol\u00b7licitar aprovar aquestes formacions. L\u2019alcaldessa va signar un Decret d\u2019alcaldia per a l\u2019assist\u00e8ncia a la formaci\u00f3 i per aprovar el cost de 280\u20ac de la formaci\u00f3 cont\u00ednua de les t\u00e8cniques de la llar d\u2019infants municipal.<\/p>\n\n\n\n<p>El regidor d\u2019Ensenyament, Dani Caballero, ha destacat <em>\u201cla import\u00e0ncia de la formaci\u00f3 cont\u00ednua del personal municipal per actualitzar coneixements i millorar el servei, ja que els infants en aquestes edats s\u00f3n esponges i \u00e9s important apostar per tot el que tingui a veure amb el seu aprenentatge i amb el desenvolupament de les seves capacitats\u201d.<\/em><\/p>\n\n\n\n<hr class=\"wp-block-separator has-alpha-channel-opacity\"\/>\n\n\n\n<p><strong>CASTELLANO |<\/strong>&nbsp;Las t\u00e9cnicas de la Llar d\u2019infants municipal l\u2019Oreneta contin\u00faan form\u00e1ndose con el objetivo de adaptarse a las novedades anunciadas por el Departament d\u2019Ensenyament de la Generalitat de Catalunya. Por este motivo, este mes de julio han participado en una formaci\u00f3n y el pr\u00f3ximo mes de octubre se har\u00e1 otra, m\u00e1s espec\u00edfica.<\/p>\n\n\n\n<p>El Decreto 21\/2023, del 7 de febrero, de ordenaci\u00f3n de las ense\u00f1anzas de educaci\u00f3n infantil, ha definido un nuevo curr\u00edculum de la educaci\u00f3n infantil en Catalunya, que se tiene que implementar dentro de dos cursos. Este plan establece que las educadoras se formen para la adecuada implementaci\u00f3n del nuevo curr\u00edculo de educaci\u00f3n infantil y, por este motivo, todas las educadoras de la guarder\u00eda municipal han realizado una formaci\u00f3n de 30 horas durante el mes de julio. Adem\u00e1s, en octubre, la educadora que se encarga del \u00e1rea de ingl\u00e9s har\u00e1 el curso \u201ccantamos en ingl\u00e9s. Gu\u00eda pr\u00e1ctica para introducir el ingl\u00e9s en la educaci\u00f3n infantil\u201d.<\/p>\n\n\n\n<p>Teniendo en cuenta estas nuevas necesidades formativas, la directora de la guarder\u00eda municipal solicit\u00f3 aprobar estas formaciones. La alcaldesa firm\u00f3 un Decreto de alcald\u00eda para la asistencia a la formaci\u00f3n y para aprobar el coste de 280\u20ac de la formaci\u00f3n continua de las t\u00e9cnicas de la guarder\u00eda municipal.<\/p>\n\n\n\n<p>El concejal de Educaci\u00f3n, Dani Caballero, ha destacado <em>\u201cla importancia de la formaci\u00f3n continua del personal municipal para actualizar conocimientos y mejorar el servicio, ya que los ni\u00f1os y ni\u00f1as de estas edades son esponjas y es importante apostar por todo lo que tenga que ver con su aprendizaje y con el desarrollo de sus capacidades\u201d.<\/em><\/p>\n","protected":false},"excerpt":{"rendered":"<p>*Foto d&#8217;arxiu Les t\u00e8cniques de la Llar d\u2019infants municipal l\u2019Oreneta continuen formant-se amb l\u2019objectiu d\u2019adaptar-se a les novetats anunciades pel Departament d\u2019Ensenyament de la Generalitat de Catalunya. Per aquest motiu, &hellip; <a href=\"https:\/\/bisbalpenedes.com\/web\/2023\/08\/21\/les-educadores-de-la-llar-dinfants-municipal-loreneta-continuen-formant-se-per-oferir-un-bon-servei\/\" class=\"more-link\">Read More<\/a><\/p>\n","protected":false},"author":4,"featured_media":27245,"comment_status":"closed","ping_status":"closed","sticky":false,"template":"","format":"standard","meta":[],"categories":[16,8],"tags":[459,862,12,393,1703,1374],"_links":{"self":[{"href":"https:\/\/bisbalpenedes.com\/web\/wp-json\/wp\/v2\/posts\/27243"}],"collection":[{"href":"https:\/\/bisbalpenedes.com\/web\/wp-json\/wp\/v2\/posts"}],"about":[{"href":"https:\/\/bisbalpenedes.com\/web\/wp-json\/wp\/v2\/types\/post"}],"author":[{"embeddable":true,"href":"https:\/\/bisbalpenedes.com\/web\/wp-json\/wp\/v2\/users\/4"}],"replies":[{"embeddable":true,"href":"https:\/\/bisbalpenedes.com\/web\/wp-json\/wp\/v2\/comments?post=27243"}],"version-history":[{"count":3,"href":"https:\/\/bisbalpenedes.com\/web\/wp-json\/wp\/v2\/posts\/27243\/revisions"}],"predecessor-version":[{"id":27247,"href":"https:\/\/bisbalpenedes.com\/web\/wp-json\/wp\/v2\/posts\/27243\/revisions\/27247"}],"wp:featuredmedia":[{"embeddable":true,"href":"https:\/\/bisbalpenedes.com\/web\/wp-json\/wp\/v2\/media\/27245"}],"wp:attachment":[{"href":"https:\/\/bisbalpenedes.com\/web\/wp-json\/wp\/v2\/media?parent=27243"}],"wp:term":[{"taxonomy":"category","embeddable":true,"href":"https:\/\/bisbalpenedes.com\/web\/wp-json\/wp\/v2\/categories?post=27243"},{"taxonomy":"post_tag","embeddable":true,"href":"https:\/\/bisbalpenedes.com\/web\/wp-json\/wp\/v2\/tags?post=27243"}],"curies":[{"name":"wp","href":"https:\/\/api.w.org\/{rel}","templated":true}]}}