{"id":27240,"date":"2023-08-21T17:36:21","date_gmt":"2023-08-21T15:36:21","guid":{"rendered":"https:\/\/bisbalpenedes.com\/web\/?p=27240"},"modified":"2023-08-21T17:36:21","modified_gmt":"2023-08-21T15:36:21","slug":"sincorpora-una-nova-auxiliar-administrativa-al-servei-datencio-al-ciutada-sac","status":"publish","type":"post","link":"https:\/\/bisbalpenedes.com\/web\/2023\/08\/21\/sincorpora-una-nova-auxiliar-administrativa-al-servei-datencio-al-ciutada-sac\/","title":{"rendered":"S\u2019incorpora una nova auxiliar administrativa al Servei d\u2019Atenci\u00f3 al ciutad\u00e0 (SAC)"},"content":{"rendered":"\n<p>Aquest mes d\u2019agost s\u2019ha incorporat una nova auxiliar administrativa al Servei d\u2019Atenci\u00f3 al Ciutad\u00e0 (SAC) de l\u2019Ajuntament de la Bisbal del Pened\u00e8s. Es tracta de la N\u00faria Rovira i Rafecas, que formava part de la borsa de treball d\u2019auxiliars administratius de l\u2019Ajuntament de la Bisbal del Pened\u00e8s.<\/p>\n\n\n\n<p>A principis de juliol, la persona titular de la pla\u00e7a d\u2019auxiliar administratiu del servei del SAC de l\u2019Ajuntament de la Bisbal del Pened\u00e8s va renunciar a aquesta pla\u00e7a i, per aquest motiu, es va rec\u00f3rrer a la borsa de treball per contractar una nova treballadora. La N\u00faria treballar\u00e0 a l\u2019Ajuntament de la Bisbal com a interina fins que es torni a treure a concurs la pla\u00e7a. El termini m\u00e0xim que podr\u00e0 ocupar aquest lloc de treball \u00e9s de tres anys.<\/p>\n\n\n\n<p>Benvinguda a l\u2019Ajuntament, N\u00faria.<\/p>\n\n\n\n<hr class=\"wp-block-separator has-alpha-channel-opacity\"\/>\n\n\n\n<p><strong>CASTELLANO |<\/strong> Este mes de agosto se ha incorporado una nueva auxiliar administrativa al Servicio de Atenci\u00f3n al Ciudadano (SAC) del Ayuntamiento de la Bisbal del Pened\u00e8s. Se trata de N\u00faria Rovira Rafecas, que formaba parte de la bolsa de trabajo de auxiliares administrativos del Ayuntamiento de la Bisbal del Pened\u00e8s.<\/p>\n\n\n\n<p>A principios de julio, la persona titular de la plaza de auxiliar administrativo del servicio del SAC del Ayuntamiento de la Bisbal del Pened\u00e8s renunci\u00f3 a esta plaza y, por este motivo, se recurri\u00f3 a la bolsa de trabajo para contratar a una nueva trabajadora. N\u00faria trabajar\u00e1 en el Ayuntamiento de la Bisbal del Pened\u00e8s como interina hasta que se vuelva a sacar a concurso la plaza. El plazo m\u00e1ximo que podr\u00e1 ocupar este puesto de trabajo es de tres a\u00f1os.<\/p>\n\n\n\n<p>Bienvenida al Ayuntamiento, N\u00faria.<\/p>\n","protected":false},"excerpt":{"rendered":"<p>Aquest mes d\u2019agost s\u2019ha incorporat una nova auxiliar administrativa al Servei d\u2019Atenci\u00f3 al Ciutad\u00e0 (SAC) de l\u2019Ajuntament de la Bisbal del Pened\u00e8s. Es tracta de la N\u00faria Rovira i Rafecas, &hellip; <a href=\"https:\/\/bisbalpenedes.com\/web\/2023\/08\/21\/sincorpora-una-nova-auxiliar-administrativa-al-servei-datencio-al-ciutada-sac\/\" class=\"more-link\">Read More<\/a><\/p>\n","protected":false},"author":4,"featured_media":27241,"comment_status":"closed","ping_status":"closed","sticky":false,"template":"","format":"standard","meta":[],"categories":[2402,2057,8],"tags":[5475,5229,459,393],"_links":{"self":[{"href":"https:\/\/bisbalpenedes.com\/web\/wp-json\/wp\/v2\/posts\/27240"}],"collection":[{"href":"https:\/\/bisbalpenedes.com\/web\/wp-json\/wp\/v2\/posts"}],"about":[{"href":"https:\/\/bisbalpenedes.com\/web\/wp-json\/wp\/v2\/types\/post"}],"author":[{"embeddable":true,"href":"https:\/\/bisbalpenedes.com\/web\/wp-json\/wp\/v2\/users\/4"}],"replies":[{"embeddable":true,"href":"https:\/\/bisbalpenedes.com\/web\/wp-json\/wp\/v2\/comments?post=27240"}],"version-history":[{"count":1,"href":"https:\/\/bisbalpenedes.com\/web\/wp-json\/wp\/v2\/posts\/27240\/revisions"}],"predecessor-version":[{"id":27242,"href":"https:\/\/bisbalpenedes.com\/web\/wp-json\/wp\/v2\/posts\/27240\/revisions\/27242"}],"wp:featuredmedia":[{"embeddable":true,"href":"https:\/\/bisbalpenedes.com\/web\/wp-json\/wp\/v2\/media\/27241"}],"wp:attachment":[{"href":"https:\/\/bisbalpenedes.com\/web\/wp-json\/wp\/v2\/media?parent=27240"}],"wp:term":[{"taxonomy":"category","embeddable":true,"href":"https:\/\/bisbalpenedes.com\/web\/wp-json\/wp\/v2\/categories?post=27240"},{"taxonomy":"post_tag","embeddable":true,"href":"https:\/\/bisbalpenedes.com\/web\/wp-json\/wp\/v2\/tags?post=27240"}],"curies":[{"name":"wp","href":"https:\/\/api.w.org\/{rel}","templated":true}]}}