{"id":27224,"date":"2023-08-21T11:14:20","date_gmt":"2023-08-21T09:14:20","guid":{"rendered":"https:\/\/bisbalpenedes.com\/web\/?p=27224"},"modified":"2023-08-21T11:14:20","modified_gmt":"2023-08-21T09:14:20","slug":"avis-per-intensitat-de-calor","status":"publish","type":"post","link":"https:\/\/bisbalpenedes.com\/web\/2023\/08\/21\/avis-per-intensitat-de-calor\/","title":{"rendered":"Av\u00eds per intensitat de calor"},"content":{"rendered":"\n<p>Comencem la setmana amb molta calor.<br><br>El Servei Meteorol\u00f2gic de Catalunya ha em\u00e8s un av\u00eds per calor per a les dues pr\u00f2ximes nits i per a les hores centrals del dia des d&#8217;avui i fins dimecres.<br><br>En dies de molta calor, seguiu les recomanacions del Departament de Salut de la Generalitat de Catalunya.<\/p>\n\n\n\n<figure class=\"wp-block-image size-large\"><img loading=\"lazy\" width=\"1024\" height=\"1024\" src=\"https:\/\/bisbalpenedes.com\/web\/wp-content\/uploads\/2023\/08\/1-1024x1024.png\" alt=\"\" class=\"wp-image-27227\" srcset=\"https:\/\/bisbalpenedes.com\/web\/wp-content\/uploads\/2023\/08\/1-1024x1024.png 1024w, https:\/\/bisbalpenedes.com\/web\/wp-content\/uploads\/2023\/08\/1-300x300.png 300w, https:\/\/bisbalpenedes.com\/web\/wp-content\/uploads\/2023\/08\/1-150x150.png 150w, https:\/\/bisbalpenedes.com\/web\/wp-content\/uploads\/2023\/08\/1-768x768.png 768w, https:\/\/bisbalpenedes.com\/web\/wp-content\/uploads\/2023\/08\/1-600x600.png 600w, https:\/\/bisbalpenedes.com\/web\/wp-content\/uploads\/2023\/08\/1-100x100.png 100w, https:\/\/bisbalpenedes.com\/web\/wp-content\/uploads\/2023\/08\/1.png 1080w\" sizes=\"(max-width: 1024px) 100vw, 1024px\" \/><\/figure>\n\n\n\n<figure class=\"wp-block-image size-large\"><img loading=\"lazy\" width=\"1024\" height=\"1024\" src=\"https:\/\/bisbalpenedes.com\/web\/wp-content\/uploads\/2023\/08\/2-1024x1024.png\" alt=\"\" class=\"wp-image-27228\" srcset=\"https:\/\/bisbalpenedes.com\/web\/wp-content\/uploads\/2023\/08\/2-1024x1024.png 1024w, https:\/\/bisbalpenedes.com\/web\/wp-content\/uploads\/2023\/08\/2-300x300.png 300w, https:\/\/bisbalpenedes.com\/web\/wp-content\/uploads\/2023\/08\/2-150x150.png 150w, https:\/\/bisbalpenedes.com\/web\/wp-content\/uploads\/2023\/08\/2-768x768.png 768w, https:\/\/bisbalpenedes.com\/web\/wp-content\/uploads\/2023\/08\/2-600x600.png 600w, https:\/\/bisbalpenedes.com\/web\/wp-content\/uploads\/2023\/08\/2-100x100.png 100w, https:\/\/bisbalpenedes.com\/web\/wp-content\/uploads\/2023\/08\/2.png 1080w\" sizes=\"(max-width: 1024px) 100vw, 1024px\" \/><\/figure>\n\n\n\n<figure class=\"wp-block-image size-large\"><img loading=\"lazy\" width=\"1024\" height=\"1024\" src=\"https:\/\/bisbalpenedes.com\/web\/wp-content\/uploads\/2023\/08\/3-1024x1024.png\" alt=\"\" class=\"wp-image-27229\" srcset=\"https:\/\/bisbalpenedes.com\/web\/wp-content\/uploads\/2023\/08\/3-1024x1024.png 1024w, https:\/\/bisbalpenedes.com\/web\/wp-content\/uploads\/2023\/08\/3-300x300.png 300w, https:\/\/bisbalpenedes.com\/web\/wp-content\/uploads\/2023\/08\/3-150x150.png 150w, https:\/\/bisbalpenedes.com\/web\/wp-content\/uploads\/2023\/08\/3-768x768.png 768w, https:\/\/bisbalpenedes.com\/web\/wp-content\/uploads\/2023\/08\/3-600x600.png 600w, https:\/\/bisbalpenedes.com\/web\/wp-content\/uploads\/2023\/08\/3-100x100.png 100w, https:\/\/bisbalpenedes.com\/web\/wp-content\/uploads\/2023\/08\/3.png 1080w\" sizes=\"(max-width: 1024px) 100vw, 1024px\" \/><\/figure>\n\n\n\n<figure class=\"wp-block-image size-large\"><img loading=\"lazy\" width=\"1080\" height=\"1080\" src=\"https:\/\/bisbalpenedes.com\/web\/wp-content\/uploads\/2023\/08\/4-1024x1024.png\" alt=\"\" class=\"wp-image-27230\" srcset=\"https:\/\/bisbalpenedes.com\/web\/wp-content\/uploads\/2023\/08\/4-1024x1024.png 1024w, https:\/\/bisbalpenedes.com\/web\/wp-content\/uploads\/2023\/08\/4-300x300.png 300w, https:\/\/bisbalpenedes.com\/web\/wp-content\/uploads\/2023\/08\/4-150x150.png 150w, https:\/\/bisbalpenedes.com\/web\/wp-content\/uploads\/2023\/08\/4-768x768.png 768w, https:\/\/bisbalpenedes.com\/web\/wp-content\/uploads\/2023\/08\/4-600x600.png 600w, https:\/\/bisbalpenedes.com\/web\/wp-content\/uploads\/2023\/08\/4-100x100.png 100w, https:\/\/bisbalpenedes.com\/web\/wp-content\/uploads\/2023\/08\/4.png 1080w\" sizes=\"(max-width: 1080px) 100vw, 1080px\" \/><\/figure>\n\n\n\n<figure class=\"wp-block-image size-large\"><img loading=\"lazy\" width=\"1024\" height=\"1024\" src=\"https:\/\/bisbalpenedes.com\/web\/wp-content\/uploads\/2023\/08\/5-1024x1024.png\" alt=\"\" class=\"wp-image-27231\" srcset=\"https:\/\/bisbalpenedes.com\/web\/wp-content\/uploads\/2023\/08\/5-1024x1024.png 1024w, https:\/\/bisbalpenedes.com\/web\/wp-content\/uploads\/2023\/08\/5-300x300.png 300w, https:\/\/bisbalpenedes.com\/web\/wp-content\/uploads\/2023\/08\/5-150x150.png 150w, https:\/\/bisbalpenedes.com\/web\/wp-content\/uploads\/2023\/08\/5-768x768.png 768w, https:\/\/bisbalpenedes.com\/web\/wp-content\/uploads\/2023\/08\/5-600x600.png 600w, https:\/\/bisbalpenedes.com\/web\/wp-content\/uploads\/2023\/08\/5-100x100.png 100w, https:\/\/bisbalpenedes.com\/web\/wp-content\/uploads\/2023\/08\/5.png 1080w\" sizes=\"(max-width: 1024px) 100vw, 1024px\" \/><\/figure>\n\n\n\n<hr class=\"wp-block-separator has-alpha-channel-opacity\"\/>\n\n\n\n<p><br>Empezamos la semana con mucho calor.<br><br>El Servicio Meteorol\u00f3gico de Catalu\u00f1a ha emitido un aviso por calor para las dos pr\u00f3ximas noches y para las horas centrales del d\u00eda desde hoy hasta el mi\u00e9rcoles.<br><br>En los d\u00edas de mucho calor, seguid las recomendaciones del Departamento de Salud de la Generalitat de Catalunya.<\/p>\n\n\n\n<figure class=\"wp-block-image size-large\"><img loading=\"lazy\" width=\"1024\" height=\"1024\" src=\"https:\/\/bisbalpenedes.com\/web\/wp-content\/uploads\/2023\/08\/7-1024x1024.png\" alt=\"\" class=\"wp-image-27226\" srcset=\"https:\/\/bisbalpenedes.com\/web\/wp-content\/uploads\/2023\/08\/7-1024x1024.png 1024w, https:\/\/bisbalpenedes.com\/web\/wp-content\/uploads\/2023\/08\/7-300x300.png 300w, https:\/\/bisbalpenedes.com\/web\/wp-content\/uploads\/2023\/08\/7-150x150.png 150w, https:\/\/bisbalpenedes.com\/web\/wp-content\/uploads\/2023\/08\/7-768x768.png 768w, https:\/\/bisbalpenedes.com\/web\/wp-content\/uploads\/2023\/08\/7-600x600.png 600w, https:\/\/bisbalpenedes.com\/web\/wp-content\/uploads\/2023\/08\/7-100x100.png 100w, https:\/\/bisbalpenedes.com\/web\/wp-content\/uploads\/2023\/08\/7.png 1080w\" sizes=\"(max-width: 1024px) 100vw, 1024px\" \/><\/figure>\n","protected":false},"excerpt":{"rendered":"<p>Comencem la setmana amb molta calor. El Servei Meteorol\u00f2gic de Catalunya ha em\u00e8s un av\u00eds per calor per a les dues pr\u00f2ximes nits i per a les hores centrals del &hellip; <a href=\"https:\/\/bisbalpenedes.com\/web\/2023\/08\/21\/avis-per-intensitat-de-calor\/\" class=\"more-link\">Read More<\/a><\/p>\n","protected":false},"author":4,"featured_media":27225,"comment_status":"closed","ping_status":"closed","sticky":false,"template":"","format":"standard","meta":[],"categories":[1628,2543,8],"tags":[6109,1374],"_links":{"self":[{"href":"https:\/\/bisbalpenedes.com\/web\/wp-json\/wp\/v2\/posts\/27224"}],"collection":[{"href":"https:\/\/bisbalpenedes.com\/web\/wp-json\/wp\/v2\/posts"}],"about":[{"href":"https:\/\/bisbalpenedes.com\/web\/wp-json\/wp\/v2\/types\/post"}],"author":[{"embeddable":true,"href":"https:\/\/bisbalpenedes.com\/web\/wp-json\/wp\/v2\/users\/4"}],"replies":[{"embeddable":true,"href":"https:\/\/bisbalpenedes.com\/web\/wp-json\/wp\/v2\/comments?post=27224"}],"version-history":[{"count":1,"href":"https:\/\/bisbalpenedes.com\/web\/wp-json\/wp\/v2\/posts\/27224\/revisions"}],"predecessor-version":[{"id":27232,"href":"https:\/\/bisbalpenedes.com\/web\/wp-json\/wp\/v2\/posts\/27224\/revisions\/27232"}],"wp:featuredmedia":[{"embeddable":true,"href":"https:\/\/bisbalpenedes.com\/web\/wp-json\/wp\/v2\/media\/27225"}],"wp:attachment":[{"href":"https:\/\/bisbalpenedes.com\/web\/wp-json\/wp\/v2\/media?parent=27224"}],"wp:term":[{"taxonomy":"category","embeddable":true,"href":"https:\/\/bisbalpenedes.com\/web\/wp-json\/wp\/v2\/categories?post=27224"},{"taxonomy":"post_tag","embeddable":true,"href":"https:\/\/bisbalpenedes.com\/web\/wp-json\/wp\/v2\/tags?post=27224"}],"curies":[{"name":"wp","href":"https:\/\/api.w.org\/{rel}","templated":true}]}}