{"id":27219,"date":"2023-08-18T13:09:35","date_gmt":"2023-08-18T11:09:35","guid":{"rendered":"https:\/\/bisbalpenedes.com\/web\/?p=27219"},"modified":"2023-08-18T13:09:35","modified_gmt":"2023-08-18T11:09:35","slug":"la-junta-de-govern-del-proper-dilluns-conte-3-propostes-amb-competencia-delegada-del-ple","status":"publish","type":"post","link":"https:\/\/bisbalpenedes.com\/web\/2023\/08\/18\/la-junta-de-govern-del-proper-dilluns-conte-3-propostes-amb-competencia-delegada-del-ple\/","title":{"rendered":"La Junta de Govern del proper dilluns cont\u00e9 3 propostes amb compet\u00e8ncia delegada del Ple"},"content":{"rendered":"\n<p>Aquest dimecres al migdia s\u2019ha convocat la Junta de govern per al dilluns 21<\/p>\n\n\n\n<p>d&#8217;agost.&nbsp; Dues de les propostes s\u00f3n compet\u00e8ncia del Ple delegada a la<\/p>\n\n\n\n<p>Junta de Govern, segons l&#8217;acord plenari del 6 de juliol de 2023. S\u00f3n<\/p>\n\n\n\n<p>els seg\u00fcents:<\/p>\n\n\n\n<ul><li>Ampliaci\u00f3 del termini d\u2019execuci\u00f3 de les obres de La Fassina.<\/li><li>Aprovar la certificaci\u00f3 n\u00famero 4 corresponent a les obres de construcci\u00f3 de La Fassina.<\/li><li>Aprovar la certificaci\u00f3 n\u00famero 7 corresponent a les obres del pavell\u00f3 poliesportiu municipal.<\/li><\/ul>\n\n\n\n<p>Les sessions de la Junta de Govern Local no s\u00f3n p\u00fabliques, per\u00f2 quan<\/p>\n\n\n\n<p>actua amb compet\u00e8ncies delegades del Ple, la sessi\u00f3 se sotmet als<\/p>\n\n\n\n<p>mateixos requisits de publicitat que les sessions del Ple, que s\u00f3n<\/p>\n\n\n\n<p>p\u00fabliques. Aix\u00ed ho va declarar la STS 161\/2013, de 26 de setembre.<\/p>\n\n\n\n<p>Per tot plegat, el proper dilluns s\u2019obriran les portes de la sala de plens a les 10:15h, per tal que pugui<\/p>\n\n\n\n<p>assistir p\u00fablic a la votaci\u00f3 d\u2019aquests punts. Tamb\u00e9 es gravaran aquests punts de l&#8217;ordre del dia<\/p>\n\n\n\n<p>i posteriorment es publicar\u00e0 el v\u00eddeo a Youtube per garantir la seva publicitat. Val a dir que l\u2019oposici\u00f3 ha rebut un correu electr\u00f2nic amb el detall de les propostes.<\/p>\n\n\n\n<hr class=\"wp-block-separator has-alpha-channel-opacity\"\/>\n\n\n\n<p>CASTELLANO | Este mi\u00e9rcoles a mediod\u00eda se ha convocado la Junta de Gobierno para el lunes 21 de agosto. Dos de las propuestas son competencia del Pleno delegada a la Junta de Gobierno, seg\u00fan el acuerdo plenario del 6 de julio de 2023. Son las siguientes:<\/p>\n\n\n\n<ul><li>Ampliaci\u00f3n del plazo de ejecuci\u00f3n de las obras de La Fassina.<\/li><li>Aprobar la certificaci\u00f3n n\u00famero 4 correspondiente a las obras de construcci\u00f3n de La Fassina.<\/li><li>Aprobar la certificaci\u00f3n n\u00famero 7 correspondiente a las obras del pabell\u00f3n polideportivo municipal.<\/li><\/ul>\n\n\n\n<p>Las sesiones de la Junta de Gobierno Local no son p\u00fablicas, pero cuando act\u00faa con competencias delegadas del Pleno, la sesi\u00f3n se somete a los mismos requisitos de publicidad que las sesiones del Pleno, que son p\u00fablicas. As\u00ed lo declar\u00f3 la STS 161\/2013, de 26 de septiembre.<\/p>\n\n\n\n<p>Por todo ello, el pr\u00f3ximo lunes se abrir\u00e1n las puertas de la sala de plenos a las 10:15h, con tal que pueda asistir p\u00fablico a la votaci\u00f3n de estos puntos. Tambi\u00e9n se grabar\u00e1n estos puntos del orden del d\u00eda y posteriormente se publicar\u00e1 el v\u00eddeo en Youtube para garantizar su publicidad. Cabe decir que la oposici\u00f3n ha recibido un correo electr\u00f3nico con el detalle de las propuestas.&nbsp;<\/p>\n","protected":false},"excerpt":{"rendered":"<p>Aquest dimecres al migdia s\u2019ha convocat la Junta de govern per al dilluns 21 d&#8217;agost.&nbsp; Dues de les propostes s\u00f3n compet\u00e8ncia del Ple delegada a la Junta de Govern, segons &hellip; <a href=\"https:\/\/bisbalpenedes.com\/web\/2023\/08\/18\/la-junta-de-govern-del-proper-dilluns-conte-3-propostes-amb-competencia-delegada-del-ple\/\" class=\"more-link\">Read More<\/a><\/p>\n","protected":false},"author":4,"featured_media":27130,"comment_status":"closed","ping_status":"closed","sticky":false,"template":"","format":"standard","meta":[],"categories":[3085,8],"tags":[459,4524,686,393],"_links":{"self":[{"href":"https:\/\/bisbalpenedes.com\/web\/wp-json\/wp\/v2\/posts\/27219"}],"collection":[{"href":"https:\/\/bisbalpenedes.com\/web\/wp-json\/wp\/v2\/posts"}],"about":[{"href":"https:\/\/bisbalpenedes.com\/web\/wp-json\/wp\/v2\/types\/post"}],"author":[{"embeddable":true,"href":"https:\/\/bisbalpenedes.com\/web\/wp-json\/wp\/v2\/users\/4"}],"replies":[{"embeddable":true,"href":"https:\/\/bisbalpenedes.com\/web\/wp-json\/wp\/v2\/comments?post=27219"}],"version-history":[{"count":1,"href":"https:\/\/bisbalpenedes.com\/web\/wp-json\/wp\/v2\/posts\/27219\/revisions"}],"predecessor-version":[{"id":27220,"href":"https:\/\/bisbalpenedes.com\/web\/wp-json\/wp\/v2\/posts\/27219\/revisions\/27220"}],"wp:featuredmedia":[{"embeddable":true,"href":"https:\/\/bisbalpenedes.com\/web\/wp-json\/wp\/v2\/media\/27130"}],"wp:attachment":[{"href":"https:\/\/bisbalpenedes.com\/web\/wp-json\/wp\/v2\/media?parent=27219"}],"wp:term":[{"taxonomy":"category","embeddable":true,"href":"https:\/\/bisbalpenedes.com\/web\/wp-json\/wp\/v2\/categories?post=27219"},{"taxonomy":"post_tag","embeddable":true,"href":"https:\/\/bisbalpenedes.com\/web\/wp-json\/wp\/v2\/tags?post=27219"}],"curies":[{"name":"wp","href":"https:\/\/api.w.org\/{rel}","templated":true}]}}