{"id":27204,"date":"2023-08-10T17:02:11","date_gmt":"2023-08-10T15:02:11","guid":{"rendered":"https:\/\/bisbalpenedes.com\/web\/?p=27204"},"modified":"2023-08-10T17:02:28","modified_gmt":"2023-08-10T15:02:28","slug":"les-regidories-de-seguretat-ciutadana-i-joventut-es-reuneixen-amb-els-agents-de-proximitat-dels-mossos-desquadra","status":"publish","type":"post","link":"https:\/\/bisbalpenedes.com\/web\/2023\/08\/10\/les-regidories-de-seguretat-ciutadana-i-joventut-es-reuneixen-amb-els-agents-de-proximitat-dels-mossos-desquadra\/","title":{"rendered":"Les regidories de Seguretat Ciutadana i Joventut es reuneixen amb els agents de proximitat dels Mossos d&#8217;Esquadra"},"content":{"rendered":"\n<p>La regidora de Seguretat Ciutadana, S\u00edlvia Monfort; i el regidor de Lleure i Joventut, Joan Gimeno; s\u2019han reunit amb els agents de Seguretat Ciutadana de proximitat del cos de Mossos d\u2019Esquadra aquest dilluns.<br>Aquesta reuni\u00f3 ha estat la primera que ha mantingut la regidora amb els agents de proximitat despr\u00e9s de la constituci\u00f3 del nou govern i ha servit per facilitar-los informaci\u00f3 sobre les situacions que es donen al municipi i traslladar les preocupacions dels ve\u00efns de la Bisbal als agents.&nbsp;<br>La regidora ha explicat que \u201caquesta reuni\u00f3 ha servit per establir una bona sintonia entre la regidoria i el cos de Mossos amb l\u2019objectiu d\u2019abordar les incid\u00e8ncies que es donen o es puguin donar al municipi\u201d.<\/p>\n\n\n\n<hr class=\"wp-block-separator has-alpha-channel-opacity\"\/>\n\n\n\n<p><strong>CASTELLANO | <\/strong>La concejala de Seguridad Ciudadana, S\u00edlvia Monfort; y el concejal de Ocio y Juventud, Joan Gimeno; se han reunido con los agentes de Seguridad Ciudadana de proximidad del cuerpo de Mossos d\u2019Esquadra este lunes.<br>Esta reuni\u00f3n ha sido la primera que ha mantenido la concejala con los agentes de proximidad despu\u00e9s de la constituci\u00f3n del nuevo gobierno y ha servido para facilitarles informaci\u00f3n sobre las situaciones que se dan en el municipio y trasladar las preocupaciones de los vecinos de la Bisbal a los agentes.<br>La concejala ha explicado que \u201cesta reuni\u00f3n ha servido para establecer una buena sinton\u00eda entre la concejal\u00eda y el cuerpo de Mossos con el objetivo de abordar las incidencias que se den o se puedan dar en el municipio\u201d.<\/p>\n","protected":false},"excerpt":{"rendered":"<p>La regidora de Seguretat Ciutadana, S\u00edlvia Monfort; i el regidor de Lleure i Joventut, Joan Gimeno; s\u2019han reunit amb els agents de Seguretat Ciutadana de proximitat del cos de Mossos &hellip; <a href=\"https:\/\/bisbalpenedes.com\/web\/2023\/08\/10\/les-regidories-de-seguretat-ciutadana-i-joventut-es-reuneixen-amb-els-agents-de-proximitat-dels-mossos-desquadra\/\" class=\"more-link\">Read More<\/a><\/p>\n","protected":false},"author":4,"featured_media":27205,"comment_status":"closed","ping_status":"closed","sticky":false,"template":"","format":"standard","meta":[],"categories":[4269,8,4149],"tags":[459,210,393,816,1374,3305],"_links":{"self":[{"href":"https:\/\/bisbalpenedes.com\/web\/wp-json\/wp\/v2\/posts\/27204"}],"collection":[{"href":"https:\/\/bisbalpenedes.com\/web\/wp-json\/wp\/v2\/posts"}],"about":[{"href":"https:\/\/bisbalpenedes.com\/web\/wp-json\/wp\/v2\/types\/post"}],"author":[{"embeddable":true,"href":"https:\/\/bisbalpenedes.com\/web\/wp-json\/wp\/v2\/users\/4"}],"replies":[{"embeddable":true,"href":"https:\/\/bisbalpenedes.com\/web\/wp-json\/wp\/v2\/comments?post=27204"}],"version-history":[{"count":2,"href":"https:\/\/bisbalpenedes.com\/web\/wp-json\/wp\/v2\/posts\/27204\/revisions"}],"predecessor-version":[{"id":27207,"href":"https:\/\/bisbalpenedes.com\/web\/wp-json\/wp\/v2\/posts\/27204\/revisions\/27207"}],"wp:featuredmedia":[{"embeddable":true,"href":"https:\/\/bisbalpenedes.com\/web\/wp-json\/wp\/v2\/media\/27205"}],"wp:attachment":[{"href":"https:\/\/bisbalpenedes.com\/web\/wp-json\/wp\/v2\/media?parent=27204"}],"wp:term":[{"taxonomy":"category","embeddable":true,"href":"https:\/\/bisbalpenedes.com\/web\/wp-json\/wp\/v2\/categories?post=27204"},{"taxonomy":"post_tag","embeddable":true,"href":"https:\/\/bisbalpenedes.com\/web\/wp-json\/wp\/v2\/tags?post=27204"}],"curies":[{"name":"wp","href":"https:\/\/api.w.org\/{rel}","templated":true}]}}