{"id":27165,"date":"2023-08-07T14:45:43","date_gmt":"2023-08-07T12:45:43","guid":{"rendered":"https:\/\/bisbalpenedes.com\/web\/?p=27165"},"modified":"2023-09-19T13:42:05","modified_gmt":"2023-09-19T11:42:05","slug":"avui-han-comencat-les-obres-de-millora-del-pati-de-lescola-centenaria","status":"publish","type":"post","link":"https:\/\/bisbalpenedes.com\/web\/2023\/08\/07\/avui-han-comencat-les-obres-de-millora-del-pati-de-lescola-centenaria\/","title":{"rendered":"<strong>Avui han comen\u00e7at les obres de millora del pati de l&#8217;escola centen\u00e0ria<\/strong>"},"content":{"rendered":"\n<p>L&#8217;Ajuntament de la Bisbal del Pened\u00e8s, a petici\u00f3 de la Regidoria d&#8217;Ensenyament, ha engegat les obres de millora del pati de l&#8217;escola centen\u00e0ria de la Bisbal del Pened\u00e8s. La Junta de Govern d&#8217;aquest dilluns 7 d&#8217;agost ha aprovat el contracte menor amb Sol\u00e9 Xic per 41.050,56\u20ac (IVA incl\u00f2s) per dur a terme les obres de millora, que consistiran en:<\/p>\n\n\n\n<ul><li>Treure els arbres que aixequen el paviment del pati de l&#8217;escola.<\/li><li>Retirar el paviment en mal estat de conservaci\u00f3.<\/li><li>Pavimentar amb formig\u00f3 tota la superf\u00edcie del pati, deixant un desnivell descendent des de l&#8217;extrem interior de la pista esportiva fins als embornals per a la recollida d&#8217;aigua en dies de pluja.-Renovar la pavimentaci\u00f3 a l&#8217;entrada del pati.<\/li><li>Repicar i aplicar arrebossat en dues parets on, properament, s&#8217;hi faran pintures murals.<\/li><li>Marcar el pati amb les l\u00ednies de la pista de futbol i de b\u00e0squet.<\/li><\/ul>\n\n\n\n<p>El pressupost del 2023 t\u00e9 contemplada una partida per tirar endavant aquesta millora i, aquest estiu, els serveis t\u00e8cnics de l&#8217;Ajuntament han elaborat una mem\u00f2ria t\u00e8cnica valorada per poder tramitar la contractaci\u00f3 de les obres. L&#8217;objectiu principal de les obres \u00e9s millorar la recollida d&#8217;aig\u00fces pluvials, ja que l&#8217;embornal actual \u00e9s insuficient; i resoldre el problema de l&#8217;aixecament del paviment provocat pels arbres.<\/p>\n\n\n\n<p>Les obres tindran una durada de cinc setmanes amb l&#8217;objectiu que estiguin acabades durant els primers dies del nou curs escolar, aix\u00ed les obres no afectaran l&#8217;inici del nou curs. Tant el director com l&#8217;equip directiu de l&#8217;escola Ull de Vent han estat informats sobre l&#8217;execuci\u00f3 d&#8217;aquestes obres de millora.<\/p>\n\n\n\n<hr class=\"wp-block-separator has-alpha-channel-opacity\"\/>\n\n\n\n<p><strong>CASTELLANO |&nbsp;<\/strong>El Ayuntamiento de la Bisbal del Pened\u00e8s, a petici\u00f3n de la Concejal\u00eda de Educaci\u00f3n, ha iniciado las obras de mejora del patio del colegio centenario de la Bisbal del Pened\u00e8s. La Junta de Gobierno de este lunes 7 de agosto ha aprobado el contrato menor con Sol\u00e9 Xic por 41.050,56\u20ac (IVA incluido) para llevar a cabo las obras de mejora, que consistir\u00e1n en:<\/p>\n\n\n\n<ul><li>Sacar los \u00e1rboles que levantan el pavimento del patio del colegio.<\/li><li>Retirar el pavimento en mal estado de conservaci\u00f3n.<\/li><li>Pavimentar con hormig\u00f3n toda la superficie del patio, dejando un desnivel descendiente desde el extremo interior de la pista deportiva hasta el alcantarillado para la recogida de agua en d\u00edas de lluvia.<\/li><li>Renovar la pavimentaci\u00f3n en la entrada del patio.<\/li><li>Repicar y aplicar rebozado en dos paredes donde, pr\u00f3ximamente, se har\u00e1n pinturas murales.<\/li><li>Marcar el patio con las l\u00edneas de la pista de f\u00fatbol y baloncesto.<\/li><\/ul>\n\n\n\n<p>El presupuesto del 2023 tiene contemplada una partida para llevar a cabo esta mejora y, este verano, los servicios t\u00e9cnicos del Ayuntamiento han elaborado una memoria t\u00e9cnica valorada para poder tramitar la contrataci\u00f3n de las obras. El objetivo principal de las obras es mejorar la recogida de aguas pluviales, ya que el desag\u00fce actual es insuficiente; y resolver el problema del levantamiento del pavimento provocado por los \u00e1rboles.<\/p>\n\n\n\n<p>Las obras tendr\u00e1n una duraci\u00f3n de cinco semanas con el objetivo de que est\u00e9n terminadas durante los primeros d\u00edas del nuevo curso escolar, as\u00ed las obras no afectar\u00e1n el inicio del nuevo curso. Tanto el director como el equipo directivo de la escuela Ull de Vent han sido informados sobre la ejecuci\u00f3n de estas obras de mejora.<\/p>\n","protected":false},"excerpt":{"rendered":"<p>L&#8217;Ajuntament de la Bisbal del Pened\u00e8s, a petici\u00f3 de la Regidoria d&#8217;Ensenyament, ha engegat les obres de millora del pati de l&#8217;escola centen\u00e0ria de la Bisbal del Pened\u00e8s. La Junta &hellip; <a href=\"https:\/\/bisbalpenedes.com\/web\/2023\/08\/07\/avui-han-comencat-les-obres-de-millora-del-pati-de-lescola-centenaria\/\" class=\"more-link\">Read More<\/a><\/p>\n","protected":false},"author":4,"featured_media":27166,"comment_status":"closed","ping_status":"closed","sticky":false,"template":"","format":"standard","meta":[],"categories":[8],"tags":[6178,6176,6175,337,6177,393,574,6179,1845],"_links":{"self":[{"href":"https:\/\/bisbalpenedes.com\/web\/wp-json\/wp\/v2\/posts\/27165"}],"collection":[{"href":"https:\/\/bisbalpenedes.com\/web\/wp-json\/wp\/v2\/posts"}],"about":[{"href":"https:\/\/bisbalpenedes.com\/web\/wp-json\/wp\/v2\/types\/post"}],"author":[{"embeddable":true,"href":"https:\/\/bisbalpenedes.com\/web\/wp-json\/wp\/v2\/users\/4"}],"replies":[{"embeddable":true,"href":"https:\/\/bisbalpenedes.com\/web\/wp-json\/wp\/v2\/comments?post=27165"}],"version-history":[{"count":3,"href":"https:\/\/bisbalpenedes.com\/web\/wp-json\/wp\/v2\/posts\/27165\/revisions"}],"predecessor-version":[{"id":27582,"href":"https:\/\/bisbalpenedes.com\/web\/wp-json\/wp\/v2\/posts\/27165\/revisions\/27582"}],"wp:featuredmedia":[{"embeddable":true,"href":"https:\/\/bisbalpenedes.com\/web\/wp-json\/wp\/v2\/media\/27166"}],"wp:attachment":[{"href":"https:\/\/bisbalpenedes.com\/web\/wp-json\/wp\/v2\/media?parent=27165"}],"wp:term":[{"taxonomy":"category","embeddable":true,"href":"https:\/\/bisbalpenedes.com\/web\/wp-json\/wp\/v2\/categories?post=27165"},{"taxonomy":"post_tag","embeddable":true,"href":"https:\/\/bisbalpenedes.com\/web\/wp-json\/wp\/v2\/tags?post=27165"}],"curies":[{"name":"wp","href":"https:\/\/api.w.org\/{rel}","templated":true}]}}