{"id":27152,"date":"2023-08-07T07:15:05","date_gmt":"2023-08-07T05:15:05","guid":{"rendered":"https:\/\/bisbalpenedes.com\/web\/?p=27152"},"modified":"2023-08-07T07:15:05","modified_gmt":"2023-08-07T05:15:05","slug":"el-dimarts-8-dagost-i-el-dimecres-9-dagost-de-18h-a-21h-podeu-passar-a-recollir-la-gorra-i-el-pal-de-llum-de-la-festa-major","status":"publish","type":"post","link":"https:\/\/bisbalpenedes.com\/web\/2023\/08\/07\/el-dimarts-8-dagost-i-el-dimecres-9-dagost-de-18h-a-21h-podeu-passar-a-recollir-la-gorra-i-el-pal-de-llum-de-la-festa-major\/","title":{"rendered":"El dimarts 8 d&#8217;agost i el dimecres 9 d&#8217;agost -de 18h a 21h- podeu passar a recollir la gorra i el pal de llum de la Festa Major"},"content":{"rendered":"\n<p>Dem\u00e0 dimarts 8 d&#8217;agost i el dimecres 9 d&#8217;agost, de 18h a 21h, podeu passar a recollir la gorra i el pal de llum de la Festa Major per les oficines municipals.<\/p>\n\n\n\n<hr class=\"wp-block-separator has-alpha-channel-opacity\"\/>\n\n\n\n<p>Ma\u00f1ana martes 8 de agosto y el mi\u00e9rcoles 9 de agosto, de 18h a 21h, pod\u00e9is pasar a recoger la gorra y el palo de luz de la Fiesta Mayor por las oficinas municipales.<\/p>\n","protected":false},"excerpt":{"rendered":"<p>Dem\u00e0 dimarts 8 d&#8217;agost i el dimecres 9 d&#8217;agost, de 18h a 21h, podeu passar a recollir la gorra i el pal de llum de la Festa Major per les &hellip; <a href=\"https:\/\/bisbalpenedes.com\/web\/2023\/08\/07\/el-dimarts-8-dagost-i-el-dimecres-9-dagost-de-18h-a-21h-podeu-passar-a-recollir-la-gorra-i-el-pal-de-llum-de-la-festa-major\/\" class=\"more-link\">Read More<\/a><\/p>\n","protected":false},"author":4,"featured_media":27153,"comment_status":"closed","ping_status":"closed","sticky":false,"template":"","format":"standard","meta":[],"categories":[2161,4668,8],"tags":[280,4694,6173,393,6174],"_links":{"self":[{"href":"https:\/\/bisbalpenedes.com\/web\/wp-json\/wp\/v2\/posts\/27152"}],"collection":[{"href":"https:\/\/bisbalpenedes.com\/web\/wp-json\/wp\/v2\/posts"}],"about":[{"href":"https:\/\/bisbalpenedes.com\/web\/wp-json\/wp\/v2\/types\/post"}],"author":[{"embeddable":true,"href":"https:\/\/bisbalpenedes.com\/web\/wp-json\/wp\/v2\/users\/4"}],"replies":[{"embeddable":true,"href":"https:\/\/bisbalpenedes.com\/web\/wp-json\/wp\/v2\/comments?post=27152"}],"version-history":[{"count":1,"href":"https:\/\/bisbalpenedes.com\/web\/wp-json\/wp\/v2\/posts\/27152\/revisions"}],"predecessor-version":[{"id":27154,"href":"https:\/\/bisbalpenedes.com\/web\/wp-json\/wp\/v2\/posts\/27152\/revisions\/27154"}],"wp:featuredmedia":[{"embeddable":true,"href":"https:\/\/bisbalpenedes.com\/web\/wp-json\/wp\/v2\/media\/27153"}],"wp:attachment":[{"href":"https:\/\/bisbalpenedes.com\/web\/wp-json\/wp\/v2\/media?parent=27152"}],"wp:term":[{"taxonomy":"category","embeddable":true,"href":"https:\/\/bisbalpenedes.com\/web\/wp-json\/wp\/v2\/categories?post=27152"},{"taxonomy":"post_tag","embeddable":true,"href":"https:\/\/bisbalpenedes.com\/web\/wp-json\/wp\/v2\/tags?post=27152"}],"curies":[{"name":"wp","href":"https:\/\/api.w.org\/{rel}","templated":true}]}}