{"id":27129,"date":"2023-08-03T13:31:15","date_gmt":"2023-08-03T11:31:15","guid":{"rendered":"https:\/\/bisbalpenedes.com\/web\/?p=27129"},"modified":"2023-08-07T07:56:48","modified_gmt":"2023-08-07T05:56:48","slug":"lordre-del-dia-de-la-junta-de-govern-del-dilluns-7-dagost-conte-dues-propostes-amb-competencia-delegada-del-ple-a-les-1015h-sobriran-les-portes-de-la-sala-de-plens-perque-hi-pugui-assistir-pu","status":"publish","type":"post","link":"https:\/\/bisbalpenedes.com\/web\/2023\/08\/03\/lordre-del-dia-de-la-junta-de-govern-del-dilluns-7-dagost-conte-dues-propostes-amb-competencia-delegada-del-ple-a-les-1015h-sobriran-les-portes-de-la-sala-de-plens-perque-hi-pugui-assistir-pu\/","title":{"rendered":"L&#8217;ordre del dia de la Junta de Govern del dilluns 7 d&#8217;agost cont\u00e9 tres propostes amb compet\u00e8ncia delegada del Ple &#8211; A les 10:15h s&#8217;obriran les portes de la sala de Plens perqu\u00e8 hi pugui assistir p\u00fablic"},"content":{"rendered":"\n<p>Ahir dimecres al migdia es va convocar Junta de govern per al dilluns 7 d&#8217;agost.&nbsp; Tres de les propostes s\u00f3n amb compet\u00e8ncia del Ple delegada a la Junta de Govern, segons l&#8217;acord plenari del 6 de juliol de 2023. S\u00f3n els seg\u00fcents:<\/p>\n\n\n\n<ul><li>Adjudicaci\u00f3 definitiva de les obres de millora de les infraestructures del barri de la Riba<\/li><li>Preus contradictoris de la sisena certificaci\u00f3 de les obres de la Fase 1 del poliesportiu municipal<\/li><li>Certificaci\u00f3 sisena de les obres de la Fase 1 del poliesportiu municipal<\/li><\/ul>\n\n\n\n<p>Les Sessions de la Junta de Govern Local no s\u00f3n p\u00fabliques, per\u00f2 quan actua amb compet\u00e8ncies delegades del Ple, la sessi\u00f3 es sotmet als mateixos requisits de publicitat que les sessions del Ple, que s\u00f3n p\u00fabliques. Aix\u00ed ho va declarar la STS 161\/2013, de 26 de setembre.<\/p>\n\n\n\n<p>S&#8217;obriran les portes de la sala de plens a les 10:15h, per tal que pugui assistir-hi p\u00fablic. Tamb\u00e9 es gravaran aquests punts de l&#8217;ordre del dia i posteriorment es publicar\u00e0 el v\u00eddeo per garantir la seva publicitat. L\u2019alcaldessa ha fet arribar un correu als grups de l\u2019oposici\u00f3 amb la informaci\u00f3 sobre les propostes.<\/p>\n\n\n\n<hr class=\"wp-block-separator has-alpha-channel-opacity\"\/>\n\n\n\n<p><strong>CASTELLANO<\/strong>&nbsp;| Ayer mi\u00e9rcoles a mediod\u00eda se convoc\u00f3 la Junta de gobierno para el lunes 7 de agosto. Tres de las propuestas son con competencia del Pleno delegada a la Junta de Gobierno, seg\u00fan el acuerdo plenario del 6 de julio de 2023. Son los siguientes:<\/p>\n\n\n\n<ul><li>Adjudicaci\u00f3n definitiva de las obras de mejora de las infraestructuras del barrio de la Riba<\/li><li>Precios contradictorios de la sexta certificaci\u00f3n de las obras de la Fase 1 del polideportivo municipal<\/li><li>Certificaci\u00f3n sexta de las obras de la Fase 1 del polideportivo municipal<\/li><\/ul>\n\n\n\n<p>Las Sesiones de la Junta de Gobierno Local no son p\u00fablicas, pero cuando act\u00faa con competencias delegadas del Pleno, la sesi\u00f3n se somete a los mismos requisitos de publicidad que las sesiones del Pleno, que son p\u00fablicas. As\u00ed lo declar\u00f3 la STS 161\/2013, de 26 de septiembre.<\/p>\n\n\n\n<p>Se abrir\u00e1n las puertas de la sala de plenos a las 10:15h, con tal que pueda asistir p\u00fablico. Tambi\u00e9n se grabar\u00e1n estos puntos del orden del d\u00eda y posteriormente se publicar\u00e1 el v\u00eddeo para garantizar su publicidad. La alcaldesa ha hecho llegar un correo a los grupos de la oposici\u00f3n con la informaci\u00f3n sobre las propuestas.<\/p>\n","protected":false},"excerpt":{"rendered":"<p>Ahir dimecres al migdia es va convocar Junta de govern per al dilluns 7 d&#8217;agost.&nbsp; Tres de les propostes s\u00f3n amb compet\u00e8ncia del Ple delegada a la Junta de Govern, &hellip; <a href=\"https:\/\/bisbalpenedes.com\/web\/2023\/08\/03\/lordre-del-dia-de-la-junta-de-govern-del-dilluns-7-dagost-conte-dues-propostes-amb-competencia-delegada-del-ple-a-les-1015h-sobriran-les-portes-de-la-sala-de-plens-perque-hi-pugui-assistir-pu\/\" class=\"more-link\">Read More<\/a><\/p>\n","protected":false},"author":4,"featured_media":27130,"comment_status":"closed","ping_status":"closed","sticky":false,"template":"","format":"standard","meta":[],"categories":[3085,8,2250],"tags":[459,686,393,6171],"_links":{"self":[{"href":"https:\/\/bisbalpenedes.com\/web\/wp-json\/wp\/v2\/posts\/27129"}],"collection":[{"href":"https:\/\/bisbalpenedes.com\/web\/wp-json\/wp\/v2\/posts"}],"about":[{"href":"https:\/\/bisbalpenedes.com\/web\/wp-json\/wp\/v2\/types\/post"}],"author":[{"embeddable":true,"href":"https:\/\/bisbalpenedes.com\/web\/wp-json\/wp\/v2\/users\/4"}],"replies":[{"embeddable":true,"href":"https:\/\/bisbalpenedes.com\/web\/wp-json\/wp\/v2\/comments?post=27129"}],"version-history":[{"count":3,"href":"https:\/\/bisbalpenedes.com\/web\/wp-json\/wp\/v2\/posts\/27129\/revisions"}],"predecessor-version":[{"id":27155,"href":"https:\/\/bisbalpenedes.com\/web\/wp-json\/wp\/v2\/posts\/27129\/revisions\/27155"}],"wp:featuredmedia":[{"embeddable":true,"href":"https:\/\/bisbalpenedes.com\/web\/wp-json\/wp\/v2\/media\/27130"}],"wp:attachment":[{"href":"https:\/\/bisbalpenedes.com\/web\/wp-json\/wp\/v2\/media?parent=27129"}],"wp:term":[{"taxonomy":"category","embeddable":true,"href":"https:\/\/bisbalpenedes.com\/web\/wp-json\/wp\/v2\/categories?post=27129"},{"taxonomy":"post_tag","embeddable":true,"href":"https:\/\/bisbalpenedes.com\/web\/wp-json\/wp\/v2\/tags?post=27129"}],"curies":[{"name":"wp","href":"https:\/\/api.w.org\/{rel}","templated":true}]}}