{"id":27094,"date":"2023-08-02T18:18:01","date_gmt":"2023-08-02T16:18:01","guid":{"rendered":"https:\/\/bisbalpenedes.com\/web\/?p=27094"},"modified":"2023-08-02T18:18:01","modified_gmt":"2023-08-02T16:18:01","slug":"ja-podeu-comprar-els-tiquets-per-al-sopar-popular-de-festa-major-que-organitza-el-ball-de-diables-de-la-bisbal-del-penedes","status":"publish","type":"post","link":"https:\/\/bisbalpenedes.com\/web\/2023\/08\/02\/ja-podeu-comprar-els-tiquets-per-al-sopar-popular-de-festa-major-que-organitza-el-ball-de-diables-de-la-bisbal-del-penedes\/","title":{"rendered":"Ja podeu comprar els tiquets per al sopar popular de Festa Major que organitza el Ball de Diables de la Bisbal del Pened\u00e8s"},"content":{"rendered":"\n<p>Un any m\u00e9s, el Ball de Diables de la Bisbal del Pened\u00e8s organitza el sopar popular de la Festa Major. No us quedeu sense comprar el vostre men\u00fa! <\/p>\n\n\n\n<hr class=\"wp-block-separator has-alpha-channel-opacity\"\/>\n\n\n\n<p>Un a\u00f1o m\u00e1s, el Ball de Diables de la Bisbal del Pened\u00e8s organiza la cena popular de la Festa Major. \u00a1No os qued\u00e9is sin comprar vuestro men\u00fa! <\/p>\n","protected":false},"excerpt":{"rendered":"<p>Un any m\u00e9s, el Ball de Diables de la Bisbal del Pened\u00e8s organitza el sopar popular de la Festa Major. No us quedeu sense comprar el vostre men\u00fa! Un a\u00f1o &hellip; <a href=\"https:\/\/bisbalpenedes.com\/web\/2023\/08\/02\/ja-podeu-comprar-els-tiquets-per-al-sopar-popular-de-festa-major-que-organitza-el-ball-de-diables-de-la-bisbal-del-penedes\/\" class=\"more-link\">Read More<\/a><\/p>\n","protected":false},"author":4,"featured_media":27095,"comment_status":"closed","ping_status":"closed","sticky":false,"template":"","format":"standard","meta":[],"categories":[8],"tags":[459,692,3166,280,4694,393,126,6170],"_links":{"self":[{"href":"https:\/\/bisbalpenedes.com\/web\/wp-json\/wp\/v2\/posts\/27094"}],"collection":[{"href":"https:\/\/bisbalpenedes.com\/web\/wp-json\/wp\/v2\/posts"}],"about":[{"href":"https:\/\/bisbalpenedes.com\/web\/wp-json\/wp\/v2\/types\/post"}],"author":[{"embeddable":true,"href":"https:\/\/bisbalpenedes.com\/web\/wp-json\/wp\/v2\/users\/4"}],"replies":[{"embeddable":true,"href":"https:\/\/bisbalpenedes.com\/web\/wp-json\/wp\/v2\/comments?post=27094"}],"version-history":[{"count":1,"href":"https:\/\/bisbalpenedes.com\/web\/wp-json\/wp\/v2\/posts\/27094\/revisions"}],"predecessor-version":[{"id":27096,"href":"https:\/\/bisbalpenedes.com\/web\/wp-json\/wp\/v2\/posts\/27094\/revisions\/27096"}],"wp:featuredmedia":[{"embeddable":true,"href":"https:\/\/bisbalpenedes.com\/web\/wp-json\/wp\/v2\/media\/27095"}],"wp:attachment":[{"href":"https:\/\/bisbalpenedes.com\/web\/wp-json\/wp\/v2\/media?parent=27094"}],"wp:term":[{"taxonomy":"category","embeddable":true,"href":"https:\/\/bisbalpenedes.com\/web\/wp-json\/wp\/v2\/categories?post=27094"},{"taxonomy":"post_tag","embeddable":true,"href":"https:\/\/bisbalpenedes.com\/web\/wp-json\/wp\/v2\/tags?post=27094"}],"curies":[{"name":"wp","href":"https:\/\/api.w.org\/{rel}","templated":true}]}}