{"id":27041,"date":"2023-07-31T16:03:43","date_gmt":"2023-07-31T14:03:43","guid":{"rendered":"https:\/\/bisbalpenedes.com\/web\/?p=27041"},"modified":"2023-07-31T16:03:43","modified_gmt":"2023-07-31T14:03:43","slug":"ja-tenim-aqui-el-programa-de-la-festa-major-2023","status":"publish","type":"post","link":"https:\/\/bisbalpenedes.com\/web\/2023\/07\/31\/ja-tenim-aqui-el-programa-de-la-festa-major-2023\/","title":{"rendered":"Ja tenim aqu\u00ed el programa de la Festa Major 2023"},"content":{"rendered":"\n<p>Ja tenim aqu\u00ed el programa de la Festa Major 2023. Ben aviat el rebreu a les vostres cases!<\/p>\n\n\n\n<figure class=\"wp-block-image size-full\"><img loading=\"lazy\" width=\"912\" height=\"886\" src=\"https:\/\/bisbalpenedes.com\/web\/wp-content\/uploads\/2023\/07\/programa_Festa_Major_2023_JDEF_page-0002-co\u0300pia.jpg\" alt=\"\" class=\"wp-image-27042\" srcset=\"https:\/\/bisbalpenedes.com\/web\/wp-content\/uploads\/2023\/07\/programa_Festa_Major_2023_JDEF_page-0002-co\u0300pia.jpg 912w, https:\/\/bisbalpenedes.com\/web\/wp-content\/uploads\/2023\/07\/programa_Festa_Major_2023_JDEF_page-0002-co\u0300pia-300x291.jpg 300w, https:\/\/bisbalpenedes.com\/web\/wp-content\/uploads\/2023\/07\/programa_Festa_Major_2023_JDEF_page-0002-co\u0300pia-768x746.jpg 768w, https:\/\/bisbalpenedes.com\/web\/wp-content\/uploads\/2023\/07\/programa_Festa_Major_2023_JDEF_page-0002-co\u0300pia-600x583.jpg 600w\" sizes=\"(max-width: 912px) 100vw, 912px\" \/><\/figure>\n\n\n\n<p>Us el podeu descarregar fent clic <a rel=\"noreferrer noopener\" href=\"https:\/\/bisbalpenedes.com\/web\/wp-content\/uploads\/2023\/07\/programa_Festa_Major_2023.pdf\" target=\"_blank\">AQU\u00cd<\/a><\/p>\n\n\n\n<hr class=\"wp-block-separator has-alpha-channel-opacity\"\/>\n\n\n\n<p>Ya tenemos aqu\u00ed el programa de la Festa Major 2023. \u00a1Pronto lo recibir\u00e9is en vuestras casas!<\/p>\n\n\n\n<p>Os lo pod\u00e9is descargar haciendo clic <a href=\"https:\/\/bisbalpenedes.com\/web\/wp-content\/uploads\/2023\/07\/programa_Festa_Major_2023.pdf\" target=\"_blank\" rel=\"noreferrer noopener\">AQU\u00cd<\/a><\/p>\n","protected":false},"excerpt":{"rendered":"<p>Ja tenim aqu\u00ed el programa de la Festa Major 2023. Ben aviat el rebreu a les vostres cases! Us el podeu descarregar fent clic AQU\u00cd Ya tenemos aqu\u00ed el programa &hellip; <a href=\"https:\/\/bisbalpenedes.com\/web\/2023\/07\/31\/ja-tenim-aqui-el-programa-de-la-festa-major-2023\/\" class=\"more-link\">Read More<\/a><\/p>\n","protected":false},"author":4,"featured_media":27043,"comment_status":"closed","ping_status":"closed","sticky":false,"template":"","format":"standard","meta":[],"categories":[2161,1042,4668,8],"tags":[6149,6142,459,2505,3953,6143,1207,1072,698,6151,6162,696,691,6154,2193,6144,280,4695,6140,367,659,6141,2178,6155,6152,393,6158,6159,3172,638,3364,705,6160,690,6153,1205,6156,85,6145,6148,701,285,2177,6157,6161,3170,6061,6150,6146,6147],"_links":{"self":[{"href":"https:\/\/bisbalpenedes.com\/web\/wp-json\/wp\/v2\/posts\/27041"}],"collection":[{"href":"https:\/\/bisbalpenedes.com\/web\/wp-json\/wp\/v2\/posts"}],"about":[{"href":"https:\/\/bisbalpenedes.com\/web\/wp-json\/wp\/v2\/types\/post"}],"author":[{"embeddable":true,"href":"https:\/\/bisbalpenedes.com\/web\/wp-json\/wp\/v2\/users\/4"}],"replies":[{"embeddable":true,"href":"https:\/\/bisbalpenedes.com\/web\/wp-json\/wp\/v2\/comments?post=27041"}],"version-history":[{"count":1,"href":"https:\/\/bisbalpenedes.com\/web\/wp-json\/wp\/v2\/posts\/27041\/revisions"}],"predecessor-version":[{"id":27044,"href":"https:\/\/bisbalpenedes.com\/web\/wp-json\/wp\/v2\/posts\/27041\/revisions\/27044"}],"wp:featuredmedia":[{"embeddable":true,"href":"https:\/\/bisbalpenedes.com\/web\/wp-json\/wp\/v2\/media\/27043"}],"wp:attachment":[{"href":"https:\/\/bisbalpenedes.com\/web\/wp-json\/wp\/v2\/media?parent=27041"}],"wp:term":[{"taxonomy":"category","embeddable":true,"href":"https:\/\/bisbalpenedes.com\/web\/wp-json\/wp\/v2\/categories?post=27041"},{"taxonomy":"post_tag","embeddable":true,"href":"https:\/\/bisbalpenedes.com\/web\/wp-json\/wp\/v2\/tags?post=27041"}],"curies":[{"name":"wp","href":"https:\/\/api.w.org\/{rel}","templated":true}]}}