{"id":27014,"date":"2023-07-28T17:13:14","date_gmt":"2023-07-28T15:13:14","guid":{"rendered":"https:\/\/bisbalpenedes.com\/web\/?p=27014"},"modified":"2023-07-28T17:15:56","modified_gmt":"2023-07-28T15:15:56","slug":"finalitza-el-termini-per-fer-propostes-per-al-pressupost-participatiu-2023-lequip-de-govern-valorara-les-propostes-presentades-durant-les-properes-setmanes-i-les-votacions-seran-el-mes-de-s","status":"publish","type":"post","link":"https:\/\/bisbalpenedes.com\/web\/2023\/07\/28\/finalitza-el-termini-per-fer-propostes-per-al-pressupost-participatiu-2023-lequip-de-govern-valorara-les-propostes-presentades-durant-les-properes-setmanes-i-les-votacions-seran-el-mes-de-s\/","title":{"rendered":"Finalitza el termini per fer propostes per al Pressupost Participatiu 2023 &#8211; L\u2019equip de govern valorar\u00e0 les propostes presentades durant les properes setmanes i les votacions es faran al setembre"},"content":{"rendered":"\n<p>El dissabte 22 de juliol va finalitzar el termini per presentar propostes per al Pressupost Participatiu 2023 del municipi, que compta amb un import total de 72.000\u20ac.<\/p>\n\n\n\n<p>S\u2019han rebut 33 propostes que ara s\u2019estudiaran, ja que nom\u00e9s es poden tenir en compte les que s\u00f3n considerades com a inversi\u00f3 o millora. Posteriorment, l\u2019equip de govern valorar\u00e0 les propostes i sol\u00b7licitar\u00e0 pressupost de totes elles.<\/p>\n\n\n\n<p>Durant les properes setmanes es confeccionar\u00e0 la llista definitiva per a cada nucli perqu\u00e8 els ve\u00efns puguin votar la proposta que prefereixin.<\/p>\n\n\n\n<p>Des de l\u2019Ajuntament de la Bisbal del Pened\u00e8s volem agrair la participaci\u00f3 de la ciutadania i de les associacions de ve\u00efns en el Pressupost Participatiu.<\/p>\n\n\n\n<p><\/p>\n\n\n\n<p><strong>CASTELLANO |<\/strong>&nbsp;El s\u00e1bado 22 de julio finaliz\u00f3 el plazo para presentar propuestas para el Presupuesto Participativo 2023 del municipio, que cuenta con un importe total de 72.000\u20ac.<\/p>\n\n\n\n<p>Se han recibido 33 propuestas que ahora se estudiaran, ya que solamente se pueden tener en cuenta las que est\u00e1n consideradas como inversi\u00f3n o mejora. Posteriormente, el equipo de gobierno valorar\u00e1 las propuestas y solicitar\u00e1 presupuesto de todas ellas.<\/p>\n\n\n\n<p>Durante las pr\u00f3ximas semanas se confeccionar\u00e1 la lista definitiva para cada n\u00facleo para que los vecinos puedan votar la propuesta que prefieran.<\/p>\n\n\n\n<p>Desde el Ayuntamiento de la Bisbal del Pened\u00e8s queremos agradecer la participaci\u00f3n de la ciudadan\u00eda y de las asociaciones de vecinos en el Presupuesto Participativo.<\/p>\n","protected":false},"excerpt":{"rendered":"<p>El dissabte 22 de juliol va finalitzar el termini per presentar propostes per al Pressupost Participatiu 2023 del municipi, que compta amb un import total de 72.000\u20ac. S\u2019han rebut 33 &hellip; <a href=\"https:\/\/bisbalpenedes.com\/web\/2023\/07\/28\/finalitza-el-termini-per-fer-propostes-per-al-pressupost-participatiu-2023-lequip-de-govern-valorara-les-propostes-presentades-durant-les-properes-setmanes-i-les-votacions-seran-el-mes-de-s\/\" class=\"more-link\">Read More<\/a><\/p>\n","protected":false},"author":4,"featured_media":26316,"comment_status":"closed","ping_status":"closed","sticky":false,"template":"","format":"standard","meta":[],"categories":[4287,3835,8],"tags":[459,77,393,1048,6018],"_links":{"self":[{"href":"https:\/\/bisbalpenedes.com\/web\/wp-json\/wp\/v2\/posts\/27014"}],"collection":[{"href":"https:\/\/bisbalpenedes.com\/web\/wp-json\/wp\/v2\/posts"}],"about":[{"href":"https:\/\/bisbalpenedes.com\/web\/wp-json\/wp\/v2\/types\/post"}],"author":[{"embeddable":true,"href":"https:\/\/bisbalpenedes.com\/web\/wp-json\/wp\/v2\/users\/4"}],"replies":[{"embeddable":true,"href":"https:\/\/bisbalpenedes.com\/web\/wp-json\/wp\/v2\/comments?post=27014"}],"version-history":[{"count":2,"href":"https:\/\/bisbalpenedes.com\/web\/wp-json\/wp\/v2\/posts\/27014\/revisions"}],"predecessor-version":[{"id":27016,"href":"https:\/\/bisbalpenedes.com\/web\/wp-json\/wp\/v2\/posts\/27014\/revisions\/27016"}],"wp:featuredmedia":[{"embeddable":true,"href":"https:\/\/bisbalpenedes.com\/web\/wp-json\/wp\/v2\/media\/26316"}],"wp:attachment":[{"href":"https:\/\/bisbalpenedes.com\/web\/wp-json\/wp\/v2\/media?parent=27014"}],"wp:term":[{"taxonomy":"category","embeddable":true,"href":"https:\/\/bisbalpenedes.com\/web\/wp-json\/wp\/v2\/categories?post=27014"},{"taxonomy":"post_tag","embeddable":true,"href":"https:\/\/bisbalpenedes.com\/web\/wp-json\/wp\/v2\/tags?post=27014"}],"curies":[{"name":"wp","href":"https:\/\/api.w.org\/{rel}","templated":true}]}}