{"id":27010,"date":"2023-07-28T17:01:37","date_gmt":"2023-07-28T15:01:37","guid":{"rendered":"https:\/\/bisbalpenedes.com\/web\/?p=27010"},"modified":"2023-07-28T17:01:37","modified_gmt":"2023-07-28T15:01:37","slug":"lalcaldessa-sha-reunit-amb-les-persones-seleccionades-per-participar-en-lauditoria-ciutadana","status":"publish","type":"post","link":"https:\/\/bisbalpenedes.com\/web\/2023\/07\/28\/lalcaldessa-sha-reunit-amb-les-persones-seleccionades-per-participar-en-lauditoria-ciutadana\/","title":{"rendered":"<strong>L\u2019alcaldessa s\u2019ha reunit amb les persones seleccionades per participar en l\u2019Auditoria Ciutadana<\/strong>"},"content":{"rendered":"\n<p>L\u2019alcaldessa de la Bisbal del Pened\u00e8s, Agn\u00e8s Ferr\u00e9, s\u2019ha reunit avui divendres 28 de juliol amb les persones seleccionades -mitjan\u00e7ant sorteig- perqu\u00e8 formin part de l\u2019Auditoria Ciutadana. En total, la Junta de Govern del 10 de juliol va fer un sorteig i va seleccionar 10 persones majors de 18 anys perqu\u00e8 formessin part de l\u2019Auditoria Ciutadana. La participaci\u00f3 en cap cas \u00e9s obligat\u00f2ria i, la participaci\u00f3, permet que les persones escollides puguin consultar documentaci\u00f3 de la comissi\u00f3 de comptes i assistir com a oients a la Comissi\u00f3 de Comptes del pressupost 2022 de l\u2019Ajuntament de la Bisbal del Pened\u00e8s.<\/p>\n\n\n\n<p>De les deu persones seleccionades, dues s\u2019han disculpat per no poder assistir-hi. Han assistit la sra. Marga Verdugo i el sr. Miguel Moreno. Agra\u00efm el seu inter\u00e8s i assist\u00e8ncia.<\/p>\n\n\n\n<p>La reuni\u00f3 d\u2019aquest divendres ha servit per explicar als seleccionats el funcionament de l\u2019Auditoria Ciutadana i dels comptes municipals. Tal com es detalla en el Reglament d\u2019Organitzaci\u00f3 Municipal (ROM).<\/p>\n\n\n\n<hr class=\"wp-block-separator has-alpha-channel-opacity\"\/>\n\n\n\n<p><strong>CASTELLANO |\u00a0<\/strong>La alcaldesa de la Bisbal del Pened\u00e8s, Agn\u00e8s Ferr\u00e9, se ha reunido hoy viernes 28 de julio con las personas seleccionadas -mediante sorteo- para que formen parte de la Auditor\u00eda Ciudadana. En total, la Junta de Gobierno del 10 de julio seleccion\u00f3 -por sorteo- a 10 personas mayores de 18 a\u00f1os para que formasen parte de la Auditor\u00eda Ciudadana. La participaci\u00f3n en ning\u00fan caso es obligatoria y, la participaci\u00f3n, permite que las personas elegidas puedan consultar documentaci\u00f3n de la comisi\u00f3n de cuentas y asistir como oyentes a la Comisi\u00f3n de Cuentas del presupuesto 2022 del Ayuntamiento de la Bisbal del Pened\u00e8s.<\/p>\n\n\n\n<p>De las diez personas seleccionadas, dos se han disculpado por no poder asistir. Han asistido la sra. Marga Verdugo y el sr. Miguel Moreno, a quien agradecemos el inter\u00e9s y asistencia.<\/p>\n\n\n\n<p>La reuni\u00f3n de este viernes ha servido para explicar-les el funcionamiento de la Auditor\u00eda Ciudadana y de las cuentas municipales, tal como se detalla en el Reglamento de Organizaci\u00f3n Municipal (ROM).<\/p>\n","protected":false},"excerpt":{"rendered":"<p>L\u2019alcaldessa de la Bisbal del Pened\u00e8s, Agn\u00e8s Ferr\u00e9, s\u2019ha reunit avui divendres 28 de juliol amb les persones seleccionades -mitjan\u00e7ant sorteig- perqu\u00e8 formin part de l\u2019Auditoria Ciutadana. En total, la &hellip; <a href=\"https:\/\/bisbalpenedes.com\/web\/2023\/07\/28\/lalcaldessa-sha-reunit-amb-les-persones-seleccionades-per-participar-en-lauditoria-ciutadana\/\" class=\"more-link\">Read More<\/a><\/p>\n","protected":false},"author":4,"featured_media":27011,"comment_status":"closed","ping_status":"closed","sticky":false,"template":"","format":"standard","meta":[],"categories":[8],"tags":[2074,459,2077,393,1374,3486],"_links":{"self":[{"href":"https:\/\/bisbalpenedes.com\/web\/wp-json\/wp\/v2\/posts\/27010"}],"collection":[{"href":"https:\/\/bisbalpenedes.com\/web\/wp-json\/wp\/v2\/posts"}],"about":[{"href":"https:\/\/bisbalpenedes.com\/web\/wp-json\/wp\/v2\/types\/post"}],"author":[{"embeddable":true,"href":"https:\/\/bisbalpenedes.com\/web\/wp-json\/wp\/v2\/users\/4"}],"replies":[{"embeddable":true,"href":"https:\/\/bisbalpenedes.com\/web\/wp-json\/wp\/v2\/comments?post=27010"}],"version-history":[{"count":1,"href":"https:\/\/bisbalpenedes.com\/web\/wp-json\/wp\/v2\/posts\/27010\/revisions"}],"predecessor-version":[{"id":27012,"href":"https:\/\/bisbalpenedes.com\/web\/wp-json\/wp\/v2\/posts\/27010\/revisions\/27012"}],"wp:featuredmedia":[{"embeddable":true,"href":"https:\/\/bisbalpenedes.com\/web\/wp-json\/wp\/v2\/media\/27011"}],"wp:attachment":[{"href":"https:\/\/bisbalpenedes.com\/web\/wp-json\/wp\/v2\/media?parent=27010"}],"wp:term":[{"taxonomy":"category","embeddable":true,"href":"https:\/\/bisbalpenedes.com\/web\/wp-json\/wp\/v2\/categories?post=27010"},{"taxonomy":"post_tag","embeddable":true,"href":"https:\/\/bisbalpenedes.com\/web\/wp-json\/wp\/v2\/tags?post=27010"}],"curies":[{"name":"wp","href":"https:\/\/api.w.org\/{rel}","templated":true}]}}