{"id":27006,"date":"2023-07-28T16:37:43","date_gmt":"2023-07-28T14:37:43","guid":{"rendered":"https:\/\/bisbalpenedes.com\/web\/?p=27006"},"modified":"2023-07-28T16:37:43","modified_gmt":"2023-07-28T14:37:43","slug":"busquem-tots-els-mestres-que-ha-tingut-lescola-bisbalenca-durant-els-darrers-100-anys-amb-motiu-de-la-cloenda-del-centenari-de-lescola","status":"publish","type":"post","link":"https:\/\/bisbalpenedes.com\/web\/2023\/07\/28\/busquem-tots-els-mestres-que-ha-tingut-lescola-bisbalenca-durant-els-darrers-100-anys-amb-motiu-de-la-cloenda-del-centenari-de-lescola\/","title":{"rendered":"Busquem tots els mestres que ha tingut l&#8217;escola bisbalenca durant els darrers 100 anys amb motiu de la cloenda del centenari de l&#8217;escola"},"content":{"rendered":"\n<p>Vas ser mestre o mestra a l\u2019edifici centenari de l\u2019escola de la Bisbal del Pened\u00e8s?<\/p>\n\n\n\n<ul><li>Has impartit classes en algun punt del municipi durant els darrers 100 anys?<\/li><\/ul>\n\n\n\n<p>Estem buscant tots els mestres que hagi tingut l\u2019escola amb motiu de l\u2019acte de cloenda del centenari de l\u2019edifici de l\u2019escola.<\/p>\n\n\n\n<ul><li>Vas ser mestre\/a?<\/li><li>En coneixes un\/a?<\/li><li>Ets familiar d\u2019un o una mestre\/a que ja no est\u00e0 entre nosaltres?<\/li><\/ul>\n\n\n\n<p>Envia un correu electr\u00f2nic a la Regidoria d\u2019Ensenyament: <a href=\"mailto:dani@bisbalpenedes.com\">dani@bisbalpenedes.com<\/a><\/p>\n\n\n\n<p>La celebraci\u00f3 de la cloenda del centenari de l\u2019escola es far\u00e0 el 22 de setembre i volem comptar amb tots els mestres que hagi tingut l\u2019escola.<\/p>\n\n\n\n<hr class=\"wp-block-separator has-alpha-channel-opacity\"\/>\n\n\n\n<p><strong>CASTELLANO |<\/strong> \u00bfFuiste maestro o maestra en el edificio centenario de la escuela de la Bisbal del Pened\u00e8s?<\/p>\n\n\n\n<ul><li>\u00bfHas impartido clases en alg\u00fan punto del municipio durante los \u00faltimos 100 a\u00f1os?<\/li><\/ul>\n\n\n\n<p>Estamos buscando a todos los maestros que haya tenido la escuela con motivo del acto de clausura del centenario del edificio de la escuela.<\/p>\n\n\n\n<ul><li>\u00bfFuiste maestro\/a?<\/li><li>\u00bfConoces a alguno\/a?<\/li><li>\u00bfEres familiar de un o una maestro\/a que ya no est\u00e1 entre nosotros?<\/li><\/ul>\n\n\n\n<p>Env\u00eda un correo electr\u00f3nico a la Concejal\u00eda de Educaci\u00f3n: <a href=\"mailto:dani@bisbalpenedes.com\">dani@bisbalpenedes.com<\/a><\/p>\n\n\n\n<p>La celebraci\u00f3n de la clausura del centenario de la escuela se har\u00e1 el 22 de septiembre y queremos contar con todos los maestros que haya tenido la escuela.<\/p>\n","protected":false},"excerpt":{"rendered":"<p>Vas ser mestre o mestra a l\u2019edifici centenari de l\u2019escola de la Bisbal del Pened\u00e8s? Has impartit classes en algun punt del municipi durant els darrers 100 anys? Estem buscant &hellip; <a href=\"https:\/\/bisbalpenedes.com\/web\/2023\/07\/28\/busquem-tots-els-mestres-que-ha-tingut-lescola-bisbalenca-durant-els-darrers-100-anys-amb-motiu-de-la-cloenda-del-centenari-de-lescola\/\" class=\"more-link\">Read More<\/a><\/p>\n","protected":false},"author":4,"featured_media":27007,"comment_status":"closed","ping_status":"closed","sticky":false,"template":"","format":"standard","meta":[],"categories":[13,3456,8],"tags":[459,593,65,337,393,1374],"_links":{"self":[{"href":"https:\/\/bisbalpenedes.com\/web\/wp-json\/wp\/v2\/posts\/27006"}],"collection":[{"href":"https:\/\/bisbalpenedes.com\/web\/wp-json\/wp\/v2\/posts"}],"about":[{"href":"https:\/\/bisbalpenedes.com\/web\/wp-json\/wp\/v2\/types\/post"}],"author":[{"embeddable":true,"href":"https:\/\/bisbalpenedes.com\/web\/wp-json\/wp\/v2\/users\/4"}],"replies":[{"embeddable":true,"href":"https:\/\/bisbalpenedes.com\/web\/wp-json\/wp\/v2\/comments?post=27006"}],"version-history":[{"count":1,"href":"https:\/\/bisbalpenedes.com\/web\/wp-json\/wp\/v2\/posts\/27006\/revisions"}],"predecessor-version":[{"id":27008,"href":"https:\/\/bisbalpenedes.com\/web\/wp-json\/wp\/v2\/posts\/27006\/revisions\/27008"}],"wp:featuredmedia":[{"embeddable":true,"href":"https:\/\/bisbalpenedes.com\/web\/wp-json\/wp\/v2\/media\/27007"}],"wp:attachment":[{"href":"https:\/\/bisbalpenedes.com\/web\/wp-json\/wp\/v2\/media?parent=27006"}],"wp:term":[{"taxonomy":"category","embeddable":true,"href":"https:\/\/bisbalpenedes.com\/web\/wp-json\/wp\/v2\/categories?post=27006"},{"taxonomy":"post_tag","embeddable":true,"href":"https:\/\/bisbalpenedes.com\/web\/wp-json\/wp\/v2\/tags?post=27006"}],"curies":[{"name":"wp","href":"https:\/\/api.w.org\/{rel}","templated":true}]}}