{"id":27002,"date":"2023-07-27T13:27:01","date_gmt":"2023-07-27T11:27:01","guid":{"rendered":"https:\/\/bisbalpenedes.com\/web\/?p=27002"},"modified":"2023-07-27T13:27:57","modified_gmt":"2023-07-27T11:27:57","slug":"ultims-dies-per-visitar-lexposicio-%f0%9d%98%93%f0%9d%98%a2-%f0%9d%98%a8%f0%9d%98%b6%f0%9d%98%a6%f0%9d%98%b3%f0%9d%98%b3%f0%9d%98%a2-%f0%9d%98%a6%f0%9d%98%af-%f0%9d%98%b1%f0%9d%98%b0%f0%9d%98%b3","status":"publish","type":"post","link":"https:\/\/bisbalpenedes.com\/web\/2023\/07\/27\/ultims-dies-per-visitar-lexposicio-%f0%9d%98%93%f0%9d%98%a2-%f0%9d%98%a8%f0%9d%98%b6%f0%9d%98%a6%f0%9d%98%b3%f0%9d%98%b3%f0%9d%98%a2-%f0%9d%98%a6%f0%9d%98%af-%f0%9d%98%b1%f0%9d%98%b0%f0%9d%98%b3\/","title":{"rendered":"\u00daltims dies per visitar l&#8217;exposici\u00f3 \ud835\ude13\ud835\ude22 \ud835\ude28\ud835\ude36\ud835\ude26\ud835\ude33\ud835\ude33\ud835\ude22 \ud835\ude26\ud835\ude2f \ud835\ude31\ud835\ude30\ud835\ude33\ud835\ude35\ud835\ude22\ud835\ude25\ud835\ude22. \ud835\ude17\ud835\ude30\ud835\ude33\ud835\ude35\ud835\ude22\ud835\ude25\ud835\ude26\ud835\ude34 \ud835\ude30\ud835\ude33\ud835\ude2a\ud835\ude28\ud835\ude2a\ud835\ude2f\ud835\ude22\ud835\ude2d\ud835\ude34 \ud835\ude25\ud835\ude26\ud835\ude2d \ud835\ude25\ud835\ude2a\ud835\ude22\ud835\ude33\ud835\ude2a \ud835\ude13\ud835\ude22 \ud835\ude1d\ud835\ude22\ud835\ude2f\ud835\ude28\ud835\ude36\ud835\ude22\ud835\ude33\ud835\ude25\ud835\ude2a\ud835\ude22, 1936-1937 al CMC"},"content":{"rendered":"\n<p>\u00daltims dies per visitar l&#8217;exposici\u00f3 titulada \ud835\ude13\ud835\ude22 \ud835\ude28\ud835\ude36\ud835\ude26\ud835\ude33\ud835\ude33\ud835\ude22 \ud835\ude26\ud835\ude2f \ud835\ude31\ud835\ude30\ud835\ude33\ud835\ude35\ud835\ude22\ud835\ude25\ud835\ude22. \ud835\ude17\ud835\ude30\ud835\ude33\ud835\ude35\ud835\ude22\ud835\ude25\ud835\ude26\ud835\ude34 \ud835\ude30\ud835\ude33\ud835\ude2a\ud835\ude28\ud835\ude2a\ud835\ude2f\ud835\ude22\ud835\ude2d\ud835\ude34 \ud835\ude25\ud835\ude26\ud835\ude2d \ud835\ude25\ud835\ude2a\ud835\ude22\ud835\ude33\ud835\ude2a \ud835\ude13\ud835\ude22 \ud835\ude1d\ud835\ude22\ud835\ude2f\ud835\ude28\ud835\ude36\ud835\ude22\ud835\ude33\ud835\ude25\ud835\ude2a\ud835\ude22, 1936-1937, a la sala d\u2019exposicions del Centre Municipal de Cultura de la Bisbal del Pened\u00e8s.<\/p>\n\n\n\n<p>L\u2019exposici\u00f3 es podr\u00e0 veure fins al dissabte 29 de juliol, en horari de dilluns a divendres de 16.30h a 20h i el dissabte de 10.30 a 13.30h.<\/p>\n\n\n\n<p>La mostra, formada per m\u00e9s de 50 portades i retalls del diari La Vanguardia, serveix per explicar l\u2019inici de la guerra, des de l\u2019optimisme i l\u2019esperan\u00e7a per una possible vict\u00f2ria, fins a les primeres mostres de la crueltat del conflicto.<\/p>\n\n\n\n<p>Aquesta exposici\u00f3 s\u2019ha pogut fer gr\u00e0cies al fons documental localitzat per la fam\u00edlia Cat\u00e0 Huguet de Lloren\u00e7 del Pened\u00e8s i de la recerca hist\u00f2rica de Marta Coll Marl\u00e8s i Marc Morales Fern\u00e1ndez.<\/p>\n\n\n\n<hr class=\"wp-block-separator has-alpha-channel-opacity\"\/>\n\n\n\n<p>CASTELLANO | \u00daltimos d\u00edas para visitar la exposici\u00f3n \ud835\ude13\ud835\ude22 \ud835\ude28\ud835\ude36\ud835\ude26\ud835\ude33\ud835\ude33\ud835\ude22 \ud835\ude26\ud835\ude2f \ud835\ude31\ud835\ude30\ud835\ude33\ud835\ude35\ud835\ude22\ud835\ude25\ud835\ude22. \ud835\ude17\ud835\ude30\ud835\ude33\ud835\ude35\ud835\ude22\ud835\ude25\ud835\ude26\ud835\ude34 \ud835\ude30\ud835\ude33\ud835\ude2a\ud835\ude28\ud835\ude2a\ud835\ude2f\ud835\ude22\ud835\ude2d\ud835\ude34 \ud835\ude25\ud835\ude26\ud835\ude2d \ud835\ude25\ud835\ude2a\ud835\ude22\ud835\ude33\ud835\ude2a \ud835\ude13\ud835\ude22 \ud835\ude1d\ud835\ude22\ud835\ude2f\ud835\ude28\ud835\ude36\ud835\ude22\ud835\ude33\ud835\ude25\ud835\ude2a\ud835\ude22, 1936-1937, en la sala de exposiciones del Centre Municipal de Cultura de la Bisbal del Pened\u00e8s.<\/p>\n\n\n\n<p>La exposici\u00f3n se podr\u00e1 ver hasta el s\u00e1bado 29 de julio, en horario de lunes a viernes de 16:30h a 20h y el s\u00e1bado de 10:30h a 13:30h.<\/p>\n\n\n\n<p>la muestra, formada por m\u00e1s de 50 portadas y recortes del diario La Vanguardia, sirve para explicar el inicio de la guerra, desde el optimismo y la esperanza por una posible victoria, hasta las primeras muestras de la crueldad del conflicto.<\/p>\n\n\n\n<p>Esta exposici\u00f3n se ha podido hacer gracias al fondo documental localizado por la familia Cat\u00e0 Huguet de Lloren\u00e7 del Pened\u00e8s y de la investigaci\u00f3n hist\u00f3rica de Marta Coll Marl\u00e8s y Marc Morales Fern\u00e1ndez.<\/p>\n","protected":false},"excerpt":{"rendered":"<p>\u00daltims dies per visitar l&#8217;exposici\u00f3 titulada \ud835\ude13\ud835\ude22 \ud835\ude28\ud835\ude36\ud835\ude26\ud835\ude33\ud835\ude33\ud835\ude22 \ud835\ude26\ud835\ude2f \ud835\ude31\ud835\ude30\ud835\ude33\ud835\ude35\ud835\ude22\ud835\ude25\ud835\ude22. \ud835\ude17\ud835\ude30\ud835\ude33\ud835\ude35\ud835\ude22\ud835\ude25\ud835\ude26\ud835\ude34 \ud835\ude30\ud835\ude33\ud835\ude2a\ud835\ude28\ud835\ude2a\ud835\ude2f\ud835\ude22\ud835\ude2d\ud835\ude34 \ud835\ude25\ud835\ude26\ud835\ude2d \ud835\ude25\ud835\ude2a\ud835\ude22\ud835\ude33\ud835\ude2a \ud835\ude13\ud835\ude22 \ud835\ude1d\ud835\ude22\ud835\ude2f\ud835\ude28\ud835\ude36\ud835\ude22\ud835\ude33\ud835\ude25\ud835\ude2a\ud835\ude22, 1936-1937, a la sala d\u2019exposicions del Centre Municipal de Cultura de la Bisbal del &hellip; <a href=\"https:\/\/bisbalpenedes.com\/web\/2023\/07\/27\/ultims-dies-per-visitar-lexposicio-%f0%9d%98%93%f0%9d%98%a2-%f0%9d%98%a8%f0%9d%98%b6%f0%9d%98%a6%f0%9d%98%b3%f0%9d%98%b3%f0%9d%98%a2-%f0%9d%98%a6%f0%9d%98%af-%f0%9d%98%b1%f0%9d%98%b0%f0%9d%98%b3\/\" class=\"more-link\">Read More<\/a><\/p>\n","protected":false},"author":4,"featured_media":27003,"comment_status":"closed","ping_status":"closed","sticky":false,"template":"","format":"standard","meta":[],"categories":[2942,13,8],"tags":[459,2930,86,393,6085,6086,1374],"_links":{"self":[{"href":"https:\/\/bisbalpenedes.com\/web\/wp-json\/wp\/v2\/posts\/27002"}],"collection":[{"href":"https:\/\/bisbalpenedes.com\/web\/wp-json\/wp\/v2\/posts"}],"about":[{"href":"https:\/\/bisbalpenedes.com\/web\/wp-json\/wp\/v2\/types\/post"}],"author":[{"embeddable":true,"href":"https:\/\/bisbalpenedes.com\/web\/wp-json\/wp\/v2\/users\/4"}],"replies":[{"embeddable":true,"href":"https:\/\/bisbalpenedes.com\/web\/wp-json\/wp\/v2\/comments?post=27002"}],"version-history":[{"count":2,"href":"https:\/\/bisbalpenedes.com\/web\/wp-json\/wp\/v2\/posts\/27002\/revisions"}],"predecessor-version":[{"id":27005,"href":"https:\/\/bisbalpenedes.com\/web\/wp-json\/wp\/v2\/posts\/27002\/revisions\/27005"}],"wp:featuredmedia":[{"embeddable":true,"href":"https:\/\/bisbalpenedes.com\/web\/wp-json\/wp\/v2\/media\/27003"}],"wp:attachment":[{"href":"https:\/\/bisbalpenedes.com\/web\/wp-json\/wp\/v2\/media?parent=27002"}],"wp:term":[{"taxonomy":"category","embeddable":true,"href":"https:\/\/bisbalpenedes.com\/web\/wp-json\/wp\/v2\/categories?post=27002"},{"taxonomy":"post_tag","embeddable":true,"href":"https:\/\/bisbalpenedes.com\/web\/wp-json\/wp\/v2\/tags?post=27002"}],"curies":[{"name":"wp","href":"https:\/\/api.w.org\/{rel}","templated":true}]}}