{"id":26998,"date":"2023-07-28T09:00:00","date_gmt":"2023-07-28T07:00:00","guid":{"rendered":"https:\/\/bisbalpenedes.com\/web\/?p=26998"},"modified":"2023-07-27T13:15:13","modified_gmt":"2023-07-27T11:15:13","slug":"lalcaldessa-i-el-regidor-de-festes-es-reuneixen-amb-la-colla-joves-xiquets-de-valls-per-preparar-la-diada-castellera-del-15-dagost","status":"publish","type":"post","link":"https:\/\/bisbalpenedes.com\/web\/2023\/07\/28\/lalcaldessa-i-el-regidor-de-festes-es-reuneixen-amb-la-colla-joves-xiquets-de-valls-per-preparar-la-diada-castellera-del-15-dagost\/","title":{"rendered":"L\u2019alcaldessa i el regidor de Festes es reuneixen amb la Colla Joves Xiquets de Valls per preparar la diada castellera del 15 d\u2019agost"},"content":{"rendered":"\n<p>L\u2019alcaldessa de la Bisbal del Pened\u00e8s, Agn\u00e8s Ferr\u00e9; i el regidor de Festes, Feliu Gil; continuen preparant la diada castellera del 15 d\u2019agost. El passat dijous van visitar el local de la Colla Joves Xiquets de Valls i es van reunir amb el president, Ian Gallart; el cap de colla, Edu Toda; i el secretari de l\u2019entitat, Pol Fortuny.<\/p>\n\n\n\n<hr class=\"wp-block-separator has-alpha-channel-opacity\"\/>\n\n\n\n<p>La alcaldesa de la Bisbal del Pened\u00e8s, Agn\u00e8s Ferr\u00e9; y el concejal de Fiestas, Feliu Gil; siguen preparando la diada castellera del 15 de agosto. El pasado jueves visitaron el local de la Colla Joves Xiquets de Valls y se reunieron con el presidente, Ian Gallart; el \u2018cap\u2019 de colla, Edu Toda; y el secretario de la entidad, Pol Fortuny.<\/p>\n\n\n\n<p><\/p>\n","protected":false},"excerpt":{"rendered":"<p>L\u2019alcaldessa de la Bisbal del Pened\u00e8s, Agn\u00e8s Ferr\u00e9; i el regidor de Festes, Feliu Gil; continuen preparant la diada castellera del 15 d\u2019agost. El passat dijous van visitar el local &hellip; <a href=\"https:\/\/bisbalpenedes.com\/web\/2023\/07\/28\/lalcaldessa-i-el-regidor-de-festes-es-reuneixen-amb-la-colla-joves-xiquets-de-valls-per-preparar-la-diada-castellera-del-15-dagost\/\" class=\"more-link\">Read More<\/a><\/p>\n","protected":false},"author":4,"featured_media":26999,"comment_status":"closed","ping_status":"closed","sticky":false,"template":"","format":"standard","meta":[],"categories":[2057,4668,8],"tags":[459,377,1719,1720,691,393],"_links":{"self":[{"href":"https:\/\/bisbalpenedes.com\/web\/wp-json\/wp\/v2\/posts\/26998"}],"collection":[{"href":"https:\/\/bisbalpenedes.com\/web\/wp-json\/wp\/v2\/posts"}],"about":[{"href":"https:\/\/bisbalpenedes.com\/web\/wp-json\/wp\/v2\/types\/post"}],"author":[{"embeddable":true,"href":"https:\/\/bisbalpenedes.com\/web\/wp-json\/wp\/v2\/users\/4"}],"replies":[{"embeddable":true,"href":"https:\/\/bisbalpenedes.com\/web\/wp-json\/wp\/v2\/comments?post=26998"}],"version-history":[{"count":1,"href":"https:\/\/bisbalpenedes.com\/web\/wp-json\/wp\/v2\/posts\/26998\/revisions"}],"predecessor-version":[{"id":27000,"href":"https:\/\/bisbalpenedes.com\/web\/wp-json\/wp\/v2\/posts\/26998\/revisions\/27000"}],"wp:featuredmedia":[{"embeddable":true,"href":"https:\/\/bisbalpenedes.com\/web\/wp-json\/wp\/v2\/media\/26999"}],"wp:attachment":[{"href":"https:\/\/bisbalpenedes.com\/web\/wp-json\/wp\/v2\/media?parent=26998"}],"wp:term":[{"taxonomy":"category","embeddable":true,"href":"https:\/\/bisbalpenedes.com\/web\/wp-json\/wp\/v2\/categories?post=26998"},{"taxonomy":"post_tag","embeddable":true,"href":"https:\/\/bisbalpenedes.com\/web\/wp-json\/wp\/v2\/tags?post=26998"}],"curies":[{"name":"wp","href":"https:\/\/api.w.org\/{rel}","templated":true}]}}